{"id":14806,"date":"2024-09-13T08:25:09","date_gmt":"2024-09-13T06:25:09","guid":{"rendered":"https:\/\/agora.xtec.cat\/escolalavilapalamos\/?p=14806"},"modified":"2024-09-16T09:11:13","modified_gmt":"2024-09-16T07:11:13","slug":"a-2n-comencem-piscina","status":"publish","type":"post","link":"https:\/\/agora.xtec.cat\/escolalavilapalamos\/general\/a-2n-comencem-piscina\/","title":{"rendered":"A 2n comencem piscina!"},"content":{"rendered":"<header class=\"entry-header\"><\/header>\n<div class=\"entry-content\">\n<p>&nbsp;<\/p>\n<p><img loading=\"lazy\" decoding=\"async\" class=\"wp-image-539 aligncenter\" src=\"https:\/\/agora.xtec.cat\/escolalavilapalamos\/wp-content\/uploads\/usu897\/2017\/01\/12520-molestias-de-los-oidos-en-piscina-300x167.jpg\" alt=\"\" width=\"383\" height=\"213\" srcset=\"https:\/\/agora.xtec.cat\/escolalavilapalamos\/wp-content\/uploads\/usu897\/2017\/01\/12520-molestias-de-los-oidos-en-piscina-300x167.jpg 300w, https:\/\/agora.xtec.cat\/escolalavilapalamos\/wp-content\/uploads\/usu897\/2017\/01\/12520-molestias-de-los-oidos-en-piscina-768x427.jpg 768w, https:\/\/agora.xtec.cat\/escolalavilapalamos\/wp-content\/uploads\/usu897\/2017\/01\/12520-molestias-de-los-oidos-en-piscina-1024x569.jpg 1024w\" sizes=\"auto, (max-width: 383px) 100vw, 383px\" \/><\/p>\n<p>&nbsp;<\/p>\n<p>Dins l\u2019\u00e0rea de l\u2019educaci\u00f3 f\u00edsica de la comunitat de mitjans \u00e9s molt important\u00a0<strong>aprendre a nedar<\/strong>.<\/p>\n<p>Els\/les alumnes de 2n aniran a la Piscina Mancomunada Mes Gavarres els dilluns al mat\u00ed, del 16 de setembre al 25 de novembre de 2024.<\/p>\n<p>Tota la informaci\u00f3 referent al material i calendari de sessions la trobareu a la circular que us la podeu descarregar a:<\/p>\n<p><a href=\"https:\/\/drive.google.com\/file\/d\/1-hKp7Suent7ucdPV24ak8gbw0U74e8Gr\/view?usp=drive_link\">Circular i autoritzaci\u00f3 de piscina de 2n.<\/a><\/p>\n<p><strong>Heu de retornar l\u2019autoritzaci\u00f3 abans del 13 de setembre.<\/strong><\/p>\n<\/div>\n","protected":false},"excerpt":{"rendered":"<p>&nbsp;<\/p>\n<p>&nbsp;<br \/>\nDins l\u2019\u00e0rea de l\u2019educaci\u00f3 f\u00edsica de la comunitat de mitjans \u00e9s molt important\u00a0aprendre a nedar.<br \/>\nEls\/les alumnes de 2n aniran a la Piscina Mancomunada Mes Gavarres els dilluns al mat\u00ed, del 16 de setembre al 25 de novembre de 2024.<br \/>\nTota la informaci\u00f3 referent al material i&hellip;  <a href=\"https:\/\/agora.xtec.cat\/escolalavilapalamos\/general\/a-2n-comencem-piscina\/\" title=\"Read A 2n comencem piscina!\">Llegeix m\u00e9s\u00bb<\/a><\/p>\n","protected":false},"author":167,"featured_media":0,"comment_status":"open","ping_status":"closed","sticky":false,"template":"","format":"standard","meta":{"_bbp_topic_count":0,"_bbp_reply_count":0,"_bbp_total_topic_count":0,"_bbp_total_reply_count":0,"_bbp_voice_count":0,"_bbp_anonymous_reply_count":0,"_bbp_topic_count_hidden":0,"_bbp_reply_count_hidden":0,"_bbp_forum_subforum_count":0,"footnotes":""},"categories":[127,70,67,1,4],"tags":[],"class_list":["post-14806","post","type-post","status-publish","format-standard","hentry","category-comunitat-de-mitjans","category-efi","category-especialistes","category-general","category-portada"],"post_mailing_queue_ids":[],"_links":{"self":[{"href":"https:\/\/agora.xtec.cat\/escolalavilapalamos\/wp-json\/wp\/v2\/posts\/14806","targetHints":{"allow":["GET"]}}],"collection":[{"href":"https:\/\/agora.xtec.cat\/escolalavilapalamos\/wp-json\/wp\/v2\/posts"}],"about":[{"href":"https:\/\/agora.xtec.cat\/escolalavilapalamos\/wp-json\/wp\/v2\/types\/post"}],"author":[{"embeddable":true,"href":"https:\/\/agora.xtec.cat\/escolalavilapalamos\/wp-json\/wp\/v2\/users\/167"}],"replies":[{"embeddable":true,"href":"https:\/\/agora.xtec.cat\/escolalavilapalamos\/wp-json\/wp\/v2\/comments?post=14806"}],"version-history":[{"count":3,"href":"https:\/\/agora.xtec.cat\/escolalavilapalamos\/wp-json\/wp\/v2\/posts\/14806\/revisions"}],"predecessor-version":[{"id":14816,"href":"https:\/\/agora.xtec.cat\/escolalavilapalamos\/wp-json\/wp\/v2\/posts\/14806\/revisions\/14816"}],"wp:attachment":[{"href":"https:\/\/agora.xtec.cat\/escolalavilapalamos\/wp-json\/wp\/v2\/media?parent=14806"}],"wp:term":[{"taxonomy":"category","embeddable":true,"href":"https:\/\/agora.xtec.cat\/escolalavilapalamos\/wp-json\/wp\/v2\/categories?post=14806"},{"taxonomy":"post_tag","embeddable":true,"href":"https:\/\/agora.xtec.cat\/escolalavilapalamos\/wp-json\/wp\/v2\/tags?post=14806"}],"curies":[{"name":"wp","href":"https:\/\/api.w.org\/{rel}","templated":true}]}}