{"id":14796,"date":"2024-07-02T14:26:49","date_gmt":"2024-07-02T12:26:49","guid":{"rendered":"https:\/\/agora.xtec.cat\/escolalavilapalamos\/?p=14796"},"modified":"2024-07-12T14:30:12","modified_gmt":"2024-07-12T12:30:12","slug":"preinscripcio-i-matricula-24-25","status":"publish","type":"post","link":"https:\/\/agora.xtec.cat\/escolalavilapalamos\/general\/preinscripcio-i-matricula-24-25\/","title":{"rendered":"Preinscripci\u00f3 i matr\u00edcula 24-25"},"content":{"rendered":"<p>D<img loading=\"lazy\" decoding=\"async\" class=\" wp-image-1671 alignright\" src=\"http:\/\/agora.xtec.cat\/escolalavilapalamos\/wp-content\/uploads\/usu897\/2014\/10\/matricula.jpg\" sizes=\"auto, (max-width: 248px) 100vw, 248px\" srcset=\"https:\/\/agora.xtec.cat\/escolalavilapalamos\/wp-content\/uploads\/usu897\/2014\/10\/matricula.jpg 320w, https:\/\/agora.xtec.cat\/escolalavilapalamos\/wp-content\/uploads\/usu897\/2014\/10\/matricula-294x300.jpg 294w\" alt=\"matricula\" width=\"248\" height=\"253\" \/>el\u00a0<strong>dimarts 18 al dimecres 26 de juny<\/strong>\u00a0s\u2019obre el per\u00edode per formalitzar la\u00a0<strong>matr\u00edcula dels alumnes d\u2019educaci\u00f3 infantil i prim\u00e0ria pel curs 2024-25. <\/strong>Cal que consulteu la llista d\u2019admesos del per\u00edode de la preinscripci\u00f3 que trobareu penjada aqu\u00ed i al taulell d\u2019anuncis de l\u2019escola, per saber si podeu matricular el nen\/a.\u00a0<strong>La llista d\u2019admesos es penja el dilluns 10 de juny.<\/strong><\/p>\n<p>Els alumnes que no formalitzen la matr\u00edcula en el per\u00edode establert\u00a0<strong>es considera que renuncien a la pla\u00e7a adjudicada.<\/strong><\/p>\n<p>Tota\u00a0<strong>la documentaci\u00f3<\/strong>\u00a0per la matr\u00edcula us la podeu descarregar aqu\u00ed.\u00a0<a href=\"https:\/\/drive.google.com\/file\/d\/1bcF-hH2M4IpK-BmnI55Z-u6gC-GqSg5T\/view?usp=drive_link\">Nota informativa<\/a><\/p>\n<p><a href=\"https:\/\/drive.google.com\/drive\/folders\/1lVu_Bk2Ioq_6QkU-F7LM0Nd9Q4LSY2lD?usp=drive_link\">Aqu\u00ed trobareu tota la documentaci\u00f3<\/a>\u00a0per formalitzar la matr\u00edcula (documents per separat)<\/p>\n<p><a href=\"https:\/\/drive.google.com\/file\/d\/1ehEnvkEMi_aHvFMAmPrHMkMIDNkg3cst\/view?usp=drive_link\">Quotes d\u2019inici de curs per alumnes nous del curs 24-25<\/a>.\u00a0<em>Les fam\u00edlies vulnerables estan exemptes del pagament de quotes, xandall, excursions i AMPA.<\/em><strong><br \/>\n<\/strong><\/p>\n<p><a href=\"https:\/\/drive.google.com\/file\/d\/1-mcj0Jo29PPAmMFzsesczbfU6LKrr-1p\/view?usp=sharing\">Quota de l\u2019 AMPA. Curs 24-25<\/a>.\u00a0\u00a0<a href=\"https:\/\/drive.google.com\/file\/d\/1gQdD06N4cSDKweKsPbhkYTNDBC8Ufh9Y\/view?usp=sharing\">Informaci\u00f3 per participar a l\u2019 AMPA<\/a><\/p>\n<p><strong>Podeu recollir i presentar la documentaci\u00f3 per formalitzar la matr\u00edcula des del dilluns 17 al divendres 21 de juny a la secretaria de l\u2019escola. Horari de 8:30 a 14h<br \/>\n<\/strong><\/p>\n<p>S\u2019ha de fer arribar a l\u2019escola\u00a0<strong>el document de matr\u00edcula<\/strong>,\u00a0<strong>fotoc\u00f2pia del llibre de vacunes, la targeta sanit\u00e0ria i una fotografia<\/strong>\u00a0mida carnet del\/de la vostre\/a fill\/a.<\/p>\n<p><a href=\"https:\/\/drive.google.com\/file\/d\/1FC7tQJZwO9XCScq0v8A4Pu8FHx3puZgJ\/view?usp=drive_link\">Llistat d\u2019alumnes admesos a l\u2019Escola La Vila<\/a><\/p>\n<p><a href=\"https:\/\/drive.google.com\/file\/d\/1NgieHfNsDoz5zwr0iP-vLEJUpl7IVl8u\/view?usp=drive_link\">Llista d\u2019alumnes en llista d\u2019espera<\/a><\/p>\n<p><a href=\"https:\/\/drive.google.com\/file\/d\/1hzsIG-mplXQk-rMdo50ONWGfRKdCz_97\/view?usp=drive_link\">Llistat d\u2019alumnes amb centre assignat que van presentar preinscripci\u00f3 a l\u2019escola<\/a><\/p>\n<p>Es pot presentar una reclamaci\u00f3 a la llista d\u2019admesos a la Comissi\u00f3 de Garanties del proc\u00e9s de preinscripci\u00f3 de Palam\u00f3s. Per fer la reclamaci\u00f3 s\u2019ha d\u2019omplir el full de reclamaci\u00f3 i presentar-lo a la secretaria o b\u00e9 enviar-lo a l\u2019escola al correu\u00a0<a href=\"mailto:b7002569@xtec.cat\"><strong>b7002569@xtec.cat<\/strong><\/a><\/p>\n<p>Per\u00a0<strong>reclamacions a la comissi\u00f3 de garanties<\/strong>\u00a0sobre el proc\u00e9s d\u2019admissi\u00f3 d\u2019alumnes cal trucar al tel\u00e8fon: 972 31 87 02 o b\u00e9 escriure a:\u00a0\u00a0<a href=\"mailto:ensenyament@palamos.cat\">ensenyament@palamos.cat\u00a0<\/a>especificant el nom i cognom de l\u2019alumne\/a i el tel\u00e8fon. <strong>Termini m\u00e0xim de reclamaci\u00f3 dijous 13 de juny.<\/strong><\/p>\n<p>M\u00e9s informaci\u00f3 a la\u00a0<a href=\"http:\/\/queestudiar.gencat.cat\/ca\/preinscripcio\/estudis\/obligatoris\/matricula\/\">web del Departament d\u2019Ensenyament<\/a>.<\/p>\n","protected":false},"excerpt":{"rendered":"<p>Del\u00a0dimarts 18 al dimecres 26 de juny\u00a0s\u2019obre el per\u00edode per formalitzar la\u00a0matr\u00edcula dels alumnes d\u2019educaci\u00f3 infantil i prim\u00e0ria pel curs 2024-25. Cal que consulteu la llista d\u2019admesos del per\u00edode de la preinscripci\u00f3 que trobareu penjada aqu\u00ed i al taulell d\u2019anuncis de l\u2019escola, per saber si&hellip;  <a href=\"https:\/\/agora.xtec.cat\/escolalavilapalamos\/general\/preinscripcio-i-matricula-24-25\/\" title=\"Read Preinscripci\u00f3 i matr\u00edcula 24-25\">Llegeix m\u00e9s\u00bb<\/a><\/p>\n","protected":false},"author":1,"featured_media":0,"comment_status":"open","ping_status":"closed","sticky":false,"template":"","format":"standard","meta":{"_bbp_topic_count":0,"_bbp_reply_count":0,"_bbp_total_topic_count":0,"_bbp_total_reply_count":0,"_bbp_voice_count":0,"_bbp_anonymous_reply_count":0,"_bbp_topic_count_hidden":0,"_bbp_reply_count_hidden":0,"_bbp_forum_subforum_count":0,"footnotes":""},"categories":[1,4,5],"tags":[],"class_list":["post-14796","post","type-post","status-publish","format-standard","hentry","category-general","category-portada","category-primaria"],"post_mailing_queue_ids":[],"_links":{"self":[{"href":"https:\/\/agora.xtec.cat\/escolalavilapalamos\/wp-json\/wp\/v2\/posts\/14796","targetHints":{"allow":["GET"]}}],"collection":[{"href":"https:\/\/agora.xtec.cat\/escolalavilapalamos\/wp-json\/wp\/v2\/posts"}],"about":[{"href":"https:\/\/agora.xtec.cat\/escolalavilapalamos\/wp-json\/wp\/v2\/types\/post"}],"author":[{"embeddable":true,"href":"https:\/\/agora.xtec.cat\/escolalavilapalamos\/wp-json\/wp\/v2\/users\/1"}],"replies":[{"embeddable":true,"href":"https:\/\/agora.xtec.cat\/escolalavilapalamos\/wp-json\/wp\/v2\/comments?post=14796"}],"version-history":[{"count":1,"href":"https:\/\/agora.xtec.cat\/escolalavilapalamos\/wp-json\/wp\/v2\/posts\/14796\/revisions"}],"predecessor-version":[{"id":14797,"href":"https:\/\/agora.xtec.cat\/escolalavilapalamos\/wp-json\/wp\/v2\/posts\/14796\/revisions\/14797"}],"wp:attachment":[{"href":"https:\/\/agora.xtec.cat\/escolalavilapalamos\/wp-json\/wp\/v2\/media?parent=14796"}],"wp:term":[{"taxonomy":"category","embeddable":true,"href":"https:\/\/agora.xtec.cat\/escolalavilapalamos\/wp-json\/wp\/v2\/categories?post=14796"},{"taxonomy":"post_tag","embeddable":true,"href":"https:\/\/agora.xtec.cat\/escolalavilapalamos\/wp-json\/wp\/v2\/tags?post=14796"}],"curies":[{"name":"wp","href":"https:\/\/api.w.org\/{rel}","templated":true}]}}