{"id":14782,"date":"2025-07-11T10:00:17","date_gmt":"2025-07-11T08:00:17","guid":{"rendered":"https:\/\/agora.xtec.cat\/escolalavilapalamos\/?p=14782"},"modified":"2025-07-11T10:42:41","modified_gmt":"2025-07-11T08:42:41","slug":"val-escolar","status":"publish","type":"post","link":"https:\/\/agora.xtec.cat\/escolalavilapalamos\/general\/val-escolar\/","title":{"rendered":"Val escolar 2025-2026"},"content":{"rendered":"<p>Algunes fam\u00edlies ja heu anat rebent els vals escolars. Enguany rebreu dos xecs de 30 euros cadascun.<\/p>\n<p>Us deixem tota la informaci\u00f3 sobre l&#8217;activaci\u00f3 i cessi\u00f3 dels vals escolars en la seg\u00fcent infografia: <a href=\"https:\/\/drive.google.com\/file\/d\/1s2t_0aEmCtSGlr8vZUOfclfnICOgZ8Gy\/view?usp=drive_link\">PAS A PAS VAL ESCOLAR_LA VILA<\/a><\/p>\n<p><strong>RECORDEU, NOM\u00c9S HEU DE CEDIR UN DELS DOS VALS<\/strong> (<strong><em>en cas d&#8217;error, no es podran fer devolucions<\/em><\/strong>)<\/p>\n<p>Per consultar l&#8217;IDALU del vostre fill\/a podeu entrar a la web:\u00a0<a href=\"https:\/\/educacio.gencat.cat\/ca\/tramits\/tramits-temes\/identificador-alumne\">Tr\u00e0mits_Identificador de l&#8217;alumne<\/a><\/p>\n<p><a href=\"https:\/\/agora.xtec.cat\/escolalavilapalamos\/wp-content\/uploads\/usu897\/2023\/06\/20230619_val.png_340208011.png\"><img loading=\"lazy\" decoding=\"async\" class=\"wp-image-13788 alignright\" src=\"https:\/\/agora.xtec.cat\/escolalavilapalamos\/wp-content\/uploads\/usu897\/2023\/06\/20230619_val.png_340208011-1024x1024.png\" alt=\"\" width=\"368\" height=\"368\" srcset=\"https:\/\/agora.xtec.cat\/escolalavilapalamos\/wp-content\/uploads\/usu897\/2023\/06\/20230619_val.png_340208011-1024x1024.png 1024w, https:\/\/agora.xtec.cat\/escolalavilapalamos\/wp-content\/uploads\/usu897\/2023\/06\/20230619_val.png_340208011-300x300.png 300w, https:\/\/agora.xtec.cat\/escolalavilapalamos\/wp-content\/uploads\/usu897\/2023\/06\/20230619_val.png_340208011-150x150.png 150w, https:\/\/agora.xtec.cat\/escolalavilapalamos\/wp-content\/uploads\/usu897\/2023\/06\/20230619_val.png_340208011-768x768.png 768w, https:\/\/agora.xtec.cat\/escolalavilapalamos\/wp-content\/uploads\/usu897\/2023\/06\/20230619_val.png_340208011.png 1400w\" sizes=\"auto, (max-width: 368px) 100vw, 368px\" \/><\/a><\/p>\n<p>Tamb\u00e9 podeu consultar la\u00a0<a href=\"https:\/\/valescolar.cat\/\">Web Generalitat_Val escolar<\/a><\/p>\n<p>&nbsp;<\/p>\n<p>&nbsp;<\/p>\n<p>&nbsp;<\/p>\n","protected":false},"excerpt":{"rendered":"<p>Algunes fam\u00edlies ja heu anat rebent els vals escolars. Enguany rebreu dos xecs de 30 euros cadascun.<br \/>\nUs deixem tota la informaci\u00f3 sobre l&#8217;activaci\u00f3 i cessi\u00f3 dels vals escolars en la seg\u00fcent infografia: <a href=\"https:\/\/drive.google.com\/file\/d\/1s2t_0aEmCtSGlr8vZUOfclfnICOgZ8Gy\/view?usp=drive_link\">PAS A PAS VAL ESCOLAR_LA VILA<\/a><br \/>\nRECORDEU, NOM\u00c9S HEU DE CEDIR UN DELS&hellip;  <a href=\"https:\/\/agora.xtec.cat\/escolalavilapalamos\/general\/val-escolar\/\" title=\"Read Val escolar 2025-2026\">Llegeix m\u00e9s\u00bb<\/a><\/p>\n","protected":false},"author":1,"featured_media":0,"comment_status":"open","ping_status":"closed","sticky":false,"template":"","format":"standard","meta":{"_bbp_topic_count":0,"_bbp_reply_count":0,"_bbp_total_topic_count":0,"_bbp_total_reply_count":0,"_bbp_voice_count":0,"_bbp_anonymous_reply_count":0,"_bbp_topic_count_hidden":0,"_bbp_reply_count_hidden":0,"_bbp_forum_subforum_count":0,"footnotes":""},"categories":[7,128,127,1,4,5],"tags":[],"class_list":["post-14782","post","type-post","status-publish","format-standard","hentry","category-ampa","category-comunitat-de-grans","category-comunitat-de-mitjans","category-general","category-portada","category-primaria"],"post_mailing_queue_ids":[],"_links":{"self":[{"href":"https:\/\/agora.xtec.cat\/escolalavilapalamos\/wp-json\/wp\/v2\/posts\/14782","targetHints":{"allow":["GET"]}}],"collection":[{"href":"https:\/\/agora.xtec.cat\/escolalavilapalamos\/wp-json\/wp\/v2\/posts"}],"about":[{"href":"https:\/\/agora.xtec.cat\/escolalavilapalamos\/wp-json\/wp\/v2\/types\/post"}],"author":[{"embeddable":true,"href":"https:\/\/agora.xtec.cat\/escolalavilapalamos\/wp-json\/wp\/v2\/users\/1"}],"replies":[{"embeddable":true,"href":"https:\/\/agora.xtec.cat\/escolalavilapalamos\/wp-json\/wp\/v2\/comments?post=14782"}],"version-history":[{"count":6,"href":"https:\/\/agora.xtec.cat\/escolalavilapalamos\/wp-json\/wp\/v2\/posts\/14782\/revisions"}],"predecessor-version":[{"id":15929,"href":"https:\/\/agora.xtec.cat\/escolalavilapalamos\/wp-json\/wp\/v2\/posts\/14782\/revisions\/15929"}],"wp:attachment":[{"href":"https:\/\/agora.xtec.cat\/escolalavilapalamos\/wp-json\/wp\/v2\/media?parent=14782"}],"wp:term":[{"taxonomy":"category","embeddable":true,"href":"https:\/\/agora.xtec.cat\/escolalavilapalamos\/wp-json\/wp\/v2\/categories?post=14782"},{"taxonomy":"post_tag","embeddable":true,"href":"https:\/\/agora.xtec.cat\/escolalavilapalamos\/wp-json\/wp\/v2\/tags?post=14782"}],"curies":[{"name":"wp","href":"https:\/\/api.w.org\/{rel}","templated":true}]}}