{"id":14774,"date":"2024-07-03T13:45:35","date_gmt":"2024-07-03T11:45:35","guid":{"rendered":"https:\/\/agora.xtec.cat\/escolalavilapalamos\/?p=14774"},"modified":"2024-07-03T13:45:35","modified_gmt":"2024-07-03T11:45:35","slug":"beques-creu-roja-2024-2025","status":"publish","type":"post","link":"https:\/\/agora.xtec.cat\/escolalavilapalamos\/general\/beques-creu-roja-2024-2025\/","title":{"rendered":"Beques Creu Roja 2024-2025"},"content":{"rendered":"<p>Us volem informar que la Creu Roja de Palam\u00f3s, un any mes, inicia el <strong>\u201cProjecte de concessi\u00f3 d\u2019ajuts pel retorn a l\u2019escola\u201d pel proper curs 2024\/25 <\/strong> per alumnes de <strong>prim\u00e0ria i 4art d\u2019ESO<\/strong> matriculats als centres educatius de Palam\u00f3s,\u00a0 amb el cofinan\u00e7ament de l\u2019Ajuntament de Palam\u00f3s.<\/p>\n<p>L\u2019objectiu d\u2019aquest projecte \u00e9s donar suport a les fam\u00edlies i unitats de conviv\u00e8ncia m\u00e9s vulnerables per tal de promoure i afavorir la igualtat d\u2019oportunitats mitjan\u00e7ant el pagament d\u2019ajuts econ\u00f2mics destinats a l\u2019adquisici\u00f3 de llibres de text, material escolar, quotes digitals, sortides i excursions escolars d\u2019un dia, xandall i quotes AFA\/AMPA.. En cap cas, per\u00f2, s\u2019atendran pagaments de deutes d\u2019anys anteriors.<\/p>\n<p>Aquest any s\u2019han redactat unes bases reguladores de la convocat\u00f2ria que tenen per objectiu la regulaci\u00f3 d\u2019aquests ajuts i donar m\u00e0xima transpar\u00e8ncia a tot el proc\u00e9s. Podeu consultar les <a href=\"https:\/\/drive.google.com\/file\/d\/19pWOwUtpsQY2TvofjtvFU3tOjwqtR2Cr\/view?usp=sharing\">BASES REGULADORES DE LA CONVOCAT\u00d2RIA.<\/a><\/p>\n<p>Les persones interessades hauran d\u2019adre\u00e7ar-se, presencialment, a la Creu Roja de Palam\u00f3s, <strong>entre els dies 1 i 12 de Juliol, amb horari de 10 h a 13 h<\/strong> i presentar aquesta sol\u00b7licitud i la documentaci\u00f3 que es requereix.<\/p>\n<p>La Creu Roja resoldr\u00e0 les sol\u00b7licituds presentades en funci\u00f3 de diferents criteris de valoraci\u00f3 que tenen en compte el llindar de renda i altres aspectes de valoraci\u00f3 social que s\u2019especifiquen al punt 6 de les bases.<\/p>\n<p>Atesos els requisits que ens marquen els nostres finan\u00e7adors i els criteris de justificaci\u00f3 de les ajudes ens \u00e9s del tot necessari disposar de \u201c<strong>rebuts\u201d<\/strong>, que us farem arribar en el seu moment i que haureu de signar per igual valor als pagaments que es realitzin.<\/p>\n<p><u>El Calendari que es proposa es el seg\u00fcent:<\/u><\/p>\n<p>De l\u20191\/07 al 12\/07<strong>: Presentaci\u00f3 de documentaci\u00f3. <\/strong>S\u2019adjunta \u201c<a href=\"https:\/\/drive.google.com\/file\/d\/1xxdHW3TFlLDaJez2eoRPkv3Y7NqeKwRm\/view?usp=sharing\"><strong>Full de sol\u00b7licitud<\/strong><\/a>\u201d per lliurar a les fam\u00edlies.<\/p>\n<p>Fins el 16\/08: Avaluaci\u00f3 i estudi dels casos per part de Creu Roja Palam\u00f3s.<\/p>\n<p>02\/09: Publicaci\u00f3 del llistat de beneficiaris i difusi\u00f3 a les escoles.<\/p>\n<p>&nbsp;<\/p>\n","protected":false},"excerpt":{"rendered":"<p>Us volem informar que la Creu Roja de Palam\u00f3s, un any mes, inicia el \u201cProjecte de concessi\u00f3 d\u2019ajuts pel retorn a l\u2019escola\u201d pel proper curs 2024\/25  per alumnes de prim\u00e0ria i 4art d\u2019ESO matriculats als centres educatius de Palam\u00f3s,\u00a0 amb el cofinan\u00e7ament de l\u2019Ajuntament&hellip;  <a href=\"https:\/\/agora.xtec.cat\/escolalavilapalamos\/general\/beques-creu-roja-2024-2025\/\" title=\"Read Beques Creu Roja 2024-2025\">Llegeix m\u00e9s\u00bb<\/a><\/p>\n","protected":false},"author":1,"featured_media":0,"comment_status":"open","ping_status":"closed","sticky":false,"template":"","format":"standard","meta":{"_bbp_topic_count":0,"_bbp_reply_count":0,"_bbp_total_topic_count":0,"_bbp_total_reply_count":0,"_bbp_voice_count":0,"_bbp_anonymous_reply_count":0,"_bbp_topic_count_hidden":0,"_bbp_reply_count_hidden":0,"_bbp_forum_subforum_count":0,"footnotes":""},"categories":[128,127,1,4,5],"tags":[],"class_list":["post-14774","post","type-post","status-publish","format-standard","hentry","category-comunitat-de-grans","category-comunitat-de-mitjans","category-general","category-portada","category-primaria"],"post_mailing_queue_ids":[],"_links":{"self":[{"href":"https:\/\/agora.xtec.cat\/escolalavilapalamos\/wp-json\/wp\/v2\/posts\/14774","targetHints":{"allow":["GET"]}}],"collection":[{"href":"https:\/\/agora.xtec.cat\/escolalavilapalamos\/wp-json\/wp\/v2\/posts"}],"about":[{"href":"https:\/\/agora.xtec.cat\/escolalavilapalamos\/wp-json\/wp\/v2\/types\/post"}],"author":[{"embeddable":true,"href":"https:\/\/agora.xtec.cat\/escolalavilapalamos\/wp-json\/wp\/v2\/users\/1"}],"replies":[{"embeddable":true,"href":"https:\/\/agora.xtec.cat\/escolalavilapalamos\/wp-json\/wp\/v2\/comments?post=14774"}],"version-history":[{"count":2,"href":"https:\/\/agora.xtec.cat\/escolalavilapalamos\/wp-json\/wp\/v2\/posts\/14774\/revisions"}],"predecessor-version":[{"id":14776,"href":"https:\/\/agora.xtec.cat\/escolalavilapalamos\/wp-json\/wp\/v2\/posts\/14774\/revisions\/14776"}],"wp:attachment":[{"href":"https:\/\/agora.xtec.cat\/escolalavilapalamos\/wp-json\/wp\/v2\/media?parent=14774"}],"wp:term":[{"taxonomy":"category","embeddable":true,"href":"https:\/\/agora.xtec.cat\/escolalavilapalamos\/wp-json\/wp\/v2\/categories?post=14774"},{"taxonomy":"post_tag","embeddable":true,"href":"https:\/\/agora.xtec.cat\/escolalavilapalamos\/wp-json\/wp\/v2\/tags?post=14774"}],"curies":[{"name":"wp","href":"https:\/\/api.w.org\/{rel}","templated":true}]}}