{"id":14772,"date":"2024-06-21T15:10:54","date_gmt":"2024-06-21T13:10:54","guid":{"rendered":"https:\/\/agora.xtec.cat\/escolalavilapalamos\/?p=14772"},"modified":"2024-06-21T15:11:53","modified_gmt":"2024-06-21T13:11:53","slug":"bon-estiu-3","status":"publish","type":"post","link":"https:\/\/agora.xtec.cat\/escolalavilapalamos\/general\/bon-estiu-3\/","title":{"rendered":"Bon estiu !"},"content":{"rendered":"<p>Benvolgudes fam\u00edlies,<img loading=\"lazy\" decoding=\"async\" class=\"wp-image-13763 alignright\" src=\"https:\/\/agora.xtec.cat\/escolalavilapalamos\/wp-content\/uploads\/usu897\/2023\/06\/BONESTIU.jpg\" sizes=\"auto, (max-width: 516px) 100vw, 516px\" srcset=\"https:\/\/agora.xtec.cat\/escolalavilapalamos\/wp-content\/uploads\/usu897\/2023\/06\/BONESTIU.jpg 1071w, https:\/\/agora.xtec.cat\/escolalavilapalamos\/wp-content\/uploads\/usu897\/2023\/06\/BONESTIU-300x202.jpg 300w, https:\/\/agora.xtec.cat\/escolalavilapalamos\/wp-content\/uploads\/usu897\/2023\/06\/BONESTIU-1024x688.jpg 1024w, https:\/\/agora.xtec.cat\/escolalavilapalamos\/wp-content\/uploads\/usu897\/2023\/06\/BONESTIU-768x516.jpg 768w\" alt=\"\" width=\"516\" height=\"347\" \/><\/p>\n<p>Avui hem acabat un nou curs escolar. Els vostres fills i filles han treballat molt al llarg de nou mesos i es mereixen gaudir d\u2019unes bones vacances. Moltes gr\u00e0cies a les fam\u00edlies pel suport en el centre i als membres de l\u2019AMPA pel treball conjunt amb l\u2019escola. I moltes gr\u00e0cies a les\/els mestres i personal educatiu per tota la tasca pedag\u00f2gica del present curs.<\/p>\n<p>Disfruteu en companyia de la fam\u00edlia de tot el que ens ofereix l\u2019estiu.<\/p>\n<p>Molta sort als nois i noies que marxen a l\u2019institut a fer secund\u00e0ria. Han estat 9 anys de conviv\u00e8ncia plegats. Us trobarem molt a faltar.<\/p>\n<p>Gr\u00e0cies pel vostre comprom\u00eds i confian\u00e7a en el projecte educatiu de La Vila.\u00a0<strong>El proper curs 2024-25 comen\u00e7a el dilluns 9 de setembre en horari habitual de mat\u00ed i tarda de 8:30 a 12:00h i de 14:30 a 16:00h.\u00a0\u00a0<\/strong><\/p>\n<p>No us perdeu les informacions actualitzades a la\u00a0<a href=\"https:\/\/agora.xtec.cat\/escolalavilapalamos\/\">web de l\u2019escola<\/a>.<\/p>\n<p>Bona festa Major i bon estiu a tots\/es !!!<\/p>\n<p>Fins el proper curs !<\/p>\n<p>Escola La Vila<\/p>\n","protected":false},"excerpt":{"rendered":"<p>Benvolgudes fam\u00edlies,<br \/>\nAvui hem acabat un nou curs escolar. Els vostres fills i filles han treballat molt al llarg de nou mesos i es mereixen gaudir d\u2019unes bones vacances. Moltes gr\u00e0cies a les fam\u00edlies pel suport en el centre i als membres de l\u2019AMPA pel treball&hellip;  <a href=\"https:\/\/agora.xtec.cat\/escolalavilapalamos\/general\/bon-estiu-3\/\" title=\"Read Bon estiu !\">Llegeix m\u00e9s\u00bb<\/a><\/p>\n","protected":false},"author":1,"featured_media":0,"comment_status":"open","ping_status":"closed","sticky":false,"template":"","format":"standard","meta":{"_bbp_topic_count":0,"_bbp_reply_count":0,"_bbp_total_topic_count":0,"_bbp_total_reply_count":0,"_bbp_voice_count":0,"_bbp_anonymous_reply_count":0,"_bbp_topic_count_hidden":0,"_bbp_reply_count_hidden":0,"_bbp_forum_subforum_count":0,"footnotes":""},"categories":[1,4,5],"tags":[],"class_list":["post-14772","post","type-post","status-publish","format-standard","hentry","category-general","category-portada","category-primaria"],"post_mailing_queue_ids":[],"_links":{"self":[{"href":"https:\/\/agora.xtec.cat\/escolalavilapalamos\/wp-json\/wp\/v2\/posts\/14772","targetHints":{"allow":["GET"]}}],"collection":[{"href":"https:\/\/agora.xtec.cat\/escolalavilapalamos\/wp-json\/wp\/v2\/posts"}],"about":[{"href":"https:\/\/agora.xtec.cat\/escolalavilapalamos\/wp-json\/wp\/v2\/types\/post"}],"author":[{"embeddable":true,"href":"https:\/\/agora.xtec.cat\/escolalavilapalamos\/wp-json\/wp\/v2\/users\/1"}],"replies":[{"embeddable":true,"href":"https:\/\/agora.xtec.cat\/escolalavilapalamos\/wp-json\/wp\/v2\/comments?post=14772"}],"version-history":[{"count":1,"href":"https:\/\/agora.xtec.cat\/escolalavilapalamos\/wp-json\/wp\/v2\/posts\/14772\/revisions"}],"predecessor-version":[{"id":14773,"href":"https:\/\/agora.xtec.cat\/escolalavilapalamos\/wp-json\/wp\/v2\/posts\/14772\/revisions\/14773"}],"wp:attachment":[{"href":"https:\/\/agora.xtec.cat\/escolalavilapalamos\/wp-json\/wp\/v2\/media?parent=14772"}],"wp:term":[{"taxonomy":"category","embeddable":true,"href":"https:\/\/agora.xtec.cat\/escolalavilapalamos\/wp-json\/wp\/v2\/categories?post=14772"},{"taxonomy":"post_tag","embeddable":true,"href":"https:\/\/agora.xtec.cat\/escolalavilapalamos\/wp-json\/wp\/v2\/tags?post=14772"}],"curies":[{"name":"wp","href":"https:\/\/api.w.org\/{rel}","templated":true}]}}