{"id":14768,"date":"2024-06-19T14:32:31","date_gmt":"2024-06-19T12:32:31","guid":{"rendered":"https:\/\/agora.xtec.cat\/escolalavilapalamos\/?p=14768"},"modified":"2024-06-19T14:32:31","modified_gmt":"2024-06-19T12:32:31","slug":"trobada-daules-dacollida-2","status":"publish","type":"post","link":"https:\/\/agora.xtec.cat\/escolalavilapalamos\/general\/trobada-daules-dacollida-2\/","title":{"rendered":"Trobada d\u2019Aules d\u2019Acollida"},"content":{"rendered":"<p><span style=\"font-weight: 400;\">El passat dilluns 10 de juny, els alumnes de l\u2019Aula d\u2019Acollida de la nostra escola van participar a la <\/span><b>segona trobada d\u2019Aules d\u2019Acollida de les escoles del Baix Empord\u00e0<\/b><span style=\"font-weight: 400;\">, la qual va tenir lloc al Pavell\u00f3 Carles Nadal i Cosp, a Sant Feliu de Gu\u00edxols.<\/span><\/p>\n<p><span style=\"font-weight: 400;\">Aquesta trobada va suposar la cloenda del <\/span><b>projecte intercentres d\u2019Aules d\u2019Acollida de la comarca.<\/b><span style=\"font-weight: 400;\"> Al llarg del curs, els nens i nenes de les escoles i instituts participants es van poder con\u00e8ixer pr\u00e8viament a trav\u00e9s de videotrucades i el dilluns 10, a la trobada, per fi ja es van poder con\u00e8ixer en persona!<\/span><\/p>\n<p><span style=\"font-weight: 400;\">La trobada va durar tot el mat\u00ed i va consistir en la realitzaci\u00f3 d\u2019un circuit format per <strong>vuit estacions amb activitats i jocs en catal\u00e0<\/strong>: el paracaigudes, jocs de punteria amb c\u00e8rcols i cons, el mataconills, el mocador, un taller de fer polseres, el futbol xin\u00e8s, el cementiri i jocs d\u2019enginy (baldufes, ioios, bitlles catalanes i <\/span><i><span style=\"font-weight: 400;\">Speak Up<\/span><\/i><span style=\"font-weight: 400;\">).<\/span><\/p>\n<p><span style=\"font-weight: 400;\">L\u2019alumnat es va distribuir per grups barrejats de totes les escoles, des de 3r de Prim\u00e0ria fins a 4t d\u2019ESO i a cada activitat hi va haver un mestre referent del joc i un acompanyant. Els jocs tenien una durada de deu minuts i, a un senyal donat, havien de canviar i passar al seg\u00fcent joc o activitat. Al voltant de les 11, es va fer una aturada per esmorzar i, tot seguit, es va continuar amb la roda de jocs fins que tothom va passar per l\u2019\u00faltim. <\/span><span style=\"font-weight: 400;\">Finalment, van disposar d\u2019una estoneta de joc lliure, i despr\u00e9s d\u2019aquest moment es va donar per finalitzada la jornada.<\/span><\/p>\n<p><span style=\"font-weight: 400;\">L\u2019alumnat va gaudir molt d\u2019aquesta trobada tan esperada, ja que no nom\u00e9s van divertir-se i aprendre, sin\u00f3 que tamb\u00e9 van retrobar-se amb altres companys i companyes. Esperem poder repetir-la el curs vinent!\u00a0<\/span><\/p>\n<p><b><a href=\"https:\/\/agora.xtec.cat\/escolalavilapalamos\/wp-content\/uploads\/usu897\/2024\/06\/IMG-20240611-WA0024.jpg\"><img loading=\"lazy\" decoding=\"async\" class=\"wp-image-14769 aligncenter\" src=\"https:\/\/agora.xtec.cat\/escolalavilapalamos\/wp-content\/uploads\/usu897\/2024\/06\/IMG-20240611-WA0024.jpg\" alt=\"\" width=\"560\" height=\"315\" srcset=\"https:\/\/agora.xtec.cat\/escolalavilapalamos\/wp-content\/uploads\/usu897\/2024\/06\/IMG-20240611-WA0024.jpg 1600w, https:\/\/agora.xtec.cat\/escolalavilapalamos\/wp-content\/uploads\/usu897\/2024\/06\/IMG-20240611-WA0024-300x169.jpg 300w, https:\/\/agora.xtec.cat\/escolalavilapalamos\/wp-content\/uploads\/usu897\/2024\/06\/IMG-20240611-WA0024-1024x576.jpg 1024w, https:\/\/agora.xtec.cat\/escolalavilapalamos\/wp-content\/uploads\/usu897\/2024\/06\/IMG-20240611-WA0024-768x432.jpg 768w, https:\/\/agora.xtec.cat\/escolalavilapalamos\/wp-content\/uploads\/usu897\/2024\/06\/IMG-20240611-WA0024-1536x864.jpg 1536w\" sizes=\"auto, (max-width: 560px) 100vw, 560px\" \/><\/a><\/b><\/p>\n","protected":false},"excerpt":{"rendered":"<p>El passat dilluns 10 de juny, els alumnes de l\u2019Aula d\u2019Acollida de la nostra escola van participar a la segona trobada d\u2019Aules d\u2019Acollida de les escoles del Baix Empord\u00e0, la qual va tenir lloc al Pavell\u00f3 Carles Nadal i Cosp, a Sant Feliu de Gu\u00edxols.<br \/>\nAquesta&hellip;  <a href=\"https:\/\/agora.xtec.cat\/escolalavilapalamos\/general\/trobada-daules-dacollida-2\/\" title=\"Read Trobada d\u2019Aules d\u2019Acollida\">Llegeix m\u00e9s\u00bb<\/a><\/p>\n","protected":false},"author":132,"featured_media":0,"comment_status":"open","ping_status":"closed","sticky":false,"template":"","format":"standard","meta":{"_bbp_topic_count":0,"_bbp_reply_count":0,"_bbp_total_topic_count":0,"_bbp_total_reply_count":0,"_bbp_voice_count":0,"_bbp_anonymous_reply_count":0,"_bbp_topic_count_hidden":0,"_bbp_reply_count_hidden":0,"_bbp_forum_subforum_count":0,"footnotes":""},"categories":[67,1,4,5],"tags":[],"class_list":["post-14768","post","type-post","status-publish","format-standard","hentry","category-especialistes","category-general","category-portada","category-primaria"],"post_mailing_queue_ids":[],"_links":{"self":[{"href":"https:\/\/agora.xtec.cat\/escolalavilapalamos\/wp-json\/wp\/v2\/posts\/14768","targetHints":{"allow":["GET"]}}],"collection":[{"href":"https:\/\/agora.xtec.cat\/escolalavilapalamos\/wp-json\/wp\/v2\/posts"}],"about":[{"href":"https:\/\/agora.xtec.cat\/escolalavilapalamos\/wp-json\/wp\/v2\/types\/post"}],"author":[{"embeddable":true,"href":"https:\/\/agora.xtec.cat\/escolalavilapalamos\/wp-json\/wp\/v2\/users\/132"}],"replies":[{"embeddable":true,"href":"https:\/\/agora.xtec.cat\/escolalavilapalamos\/wp-json\/wp\/v2\/comments?post=14768"}],"version-history":[{"count":2,"href":"https:\/\/agora.xtec.cat\/escolalavilapalamos\/wp-json\/wp\/v2\/posts\/14768\/revisions"}],"predecessor-version":[{"id":14771,"href":"https:\/\/agora.xtec.cat\/escolalavilapalamos\/wp-json\/wp\/v2\/posts\/14768\/revisions\/14771"}],"wp:attachment":[{"href":"https:\/\/agora.xtec.cat\/escolalavilapalamos\/wp-json\/wp\/v2\/media?parent=14768"}],"wp:term":[{"taxonomy":"category","embeddable":true,"href":"https:\/\/agora.xtec.cat\/escolalavilapalamos\/wp-json\/wp\/v2\/categories?post=14768"},{"taxonomy":"post_tag","embeddable":true,"href":"https:\/\/agora.xtec.cat\/escolalavilapalamos\/wp-json\/wp\/v2\/tags?post=14768"}],"curies":[{"name":"wp","href":"https:\/\/api.w.org\/{rel}","templated":true}]}}