{"id":14758,"date":"2024-06-18T13:26:53","date_gmt":"2024-06-18T11:26:53","guid":{"rendered":"https:\/\/agora.xtec.cat\/escolalavilapalamos\/?p=14758"},"modified":"2024-06-18T13:29:52","modified_gmt":"2024-06-18T11:29:52","slug":"beques-deducacio-especial-2024","status":"publish","type":"post","link":"https:\/\/agora.xtec.cat\/escolalavilapalamos\/general\/beques-deducacio-especial-2024\/","title":{"rendered":"Beques d&#8217;educaci\u00f3 especial 2024"},"content":{"rendered":"<p><a href=\"https:\/\/agora.xtec.cat\/escolalavilapalamos\/wp-content\/uploads\/usu897\/2024\/06\/beques_1.jpg\"><img loading=\"lazy\" decoding=\"async\" class=\"alignleft wp-image-14759\" src=\"https:\/\/agora.xtec.cat\/escolalavilapalamos\/wp-content\/uploads\/usu897\/2024\/06\/beques_1.jpg\" alt=\"\" width=\"200\" height=\"200\" srcset=\"https:\/\/agora.xtec.cat\/escolalavilapalamos\/wp-content\/uploads\/usu897\/2024\/06\/beques_1.jpg 225w, https:\/\/agora.xtec.cat\/escolalavilapalamos\/wp-content\/uploads\/usu897\/2024\/06\/beques_1-150x150.jpg 150w\" sizes=\"auto, (max-width: 200px) 100vw, 200px\" \/><\/a>Us informem que el passat 12 d&#8217;abril es va publicar l\u2019extracte de la<a href=\"https:\/\/www.boe.es\/buscar\/doc.php?id=BOE-B-2024-14197\"> Resoluci\u00f3 de 12 d&#8217;abril de 2024, de la \u201cSecretaria de Estado de Educaci\u00f3n\u201d <\/a>que convoca <strong>ajuts per a l\u2019alumnat amb necessitat\u00a0 espec\u00edfica de suport educatiu per al curs acad\u00e8mic 2024-2025.<\/strong><\/p>\n<p>Ajuts individualitzats convocats pel Ministeri d&#8217;Educaci\u00f3 i Formaci\u00f3 Professional per a alumnes amb necessitat espec\u00edfica de suport educatiu. Modalitats dels ajuts:<\/p>\n<ul>\n<li>Ajuts i subsidis per a alumnes amb necessitat espec\u00edfica de suport educatiu derivada de discapacitat o trastorn greu de conducta o trastorn de la comunicaci\u00f3 i el llenguatge o trastorn de l&#8217;espectre autista.<\/li>\n<li>Ajuts i subsidi per a programes complementaris a alumnes amb necessitat espec\u00edfica de suport educatiu associada a altes capacitats.<\/li>\n<\/ul>\n<p>D\u2019acord amb les bases de la convocat\u00f2ria,<strong> la sol\u00b7licitud es tramita\u00a0per via telem\u00e0tica. <\/strong>Per a la tramitaci\u00f3 de la sol\u00b7licitud, el\/la sol\u00b7licitant ha d\u2019entrar a la p\u00e0gina <a href=\"https:\/\/sede.educacion.gob.es\/sede\/login\/inicio.jjsp?idConvocatoria=1886\">a la seu electr\u00f2nica del Ministerio de Educaci\u00f3n y Formaci\u00f3n Profesional<\/a> , donar-se d\u2019alta com a usuari\/\u00e0ria, omplir la sol\u00b7licitud i imprimir-la, a fi de signar tots els apartats.\u00a0 Despr\u00e9s l\u2019ha d\u2019entregar al centre escolar, junt amb la documentaci\u00f3 acreditativa necess\u00e0ria per completar la sol\u00b7licitud, la qual heu de comprovar que sigui correcta.<\/p>\n<p><strong>Pel que fa al correu electr\u00f2nic<\/strong>, en cas que el sol\u00b7licitant o cap dels membres de la unitat familiar en disposi, cal que empleni l\u2019autoritzaci\u00f3 adjunta per enviar les comunicacions en el correu electr\u00f2nic del centre educatiu on est\u00e0 matriculat.<\/p>\n<p><strong>En cas que falti alguna dada o document, la beca ser\u00e0 retornada al centre educatiu perqu\u00e8 s\u2019acabi de completar.<\/strong><\/p>\n<p>TERMINI DE PRESENTACI\u00d3:<\/p>\n<p><strong>El termini de presentaci\u00f3 de les sol\u00b7licituds en el centre escolar per part del\/la sol\u00b7licitant: del 30 d&#8217;abril al 13 de setembre de 2024 (incl\u00f2s).<\/strong><\/p>\n<p>Us facilitem un <a href=\"https:\/\/docs.google.com\/document\/d\/1IVB4fUsyva1S36P3SnUlkt77STUwrBDI\/edit?usp=sharing&amp;ouid=112953978070114690444&amp;rtpof=true&amp;sd=true\">document de centre<\/a> per tal de facilitar-vos el procediment.<\/p>\n<p><a href=\"https:\/\/educacio.gencat.cat\/ca\/tramits\/tramits-temes\/ajuts-nee\">Tota la informaci\u00f3 (documentaci\u00f3, requisits, tipus d&#8217;ajuts, presentaci\u00f3&#8230;) aqu\u00ed<\/a><\/p>\n","protected":false},"excerpt":{"rendered":"<p><a href=\"https:\/\/agora.xtec.cat\/escolalavilapalamos\/wp-content\/uploads\/usu897\/2024\/06\/beques_1.jpg\"><\/a>Us informem que el passat 12 d&#8217;abril es va publicar l\u2019extracte de la<a href=\"https:\/\/www.boe.es\/buscar\/doc.php?id=BOE-B-2024-14197\"> Resoluci\u00f3 de 12 d&#8217;abril de 2024, de la \u201cSecretaria de Estado de Educaci\u00f3n\u201d <\/a>que convoca ajuts per a l\u2019alumnat amb necessitat\u00a0 espec\u00edfica de suport educatiu per al curs acad\u00e8mic 2024-2025.<br \/>\nAjuts&hellip;  <a href=\"https:\/\/agora.xtec.cat\/escolalavilapalamos\/general\/beques-deducacio-especial-2024\/\" title=\"Read Beques d&#8217;educaci\u00f3 especial 2024\">Llegeix m\u00e9s\u00bb<\/a><\/p>\n","protected":false},"author":1,"featured_media":0,"comment_status":"open","ping_status":"closed","sticky":false,"template":"","format":"standard","meta":{"_bbp_topic_count":0,"_bbp_reply_count":0,"_bbp_total_topic_count":0,"_bbp_total_reply_count":0,"_bbp_voice_count":0,"_bbp_anonymous_reply_count":0,"_bbp_topic_count_hidden":0,"_bbp_reply_count_hidden":0,"_bbp_forum_subforum_count":0,"footnotes":""},"categories":[128,127,2,1,4],"tags":[],"class_list":["post-14758","post","type-post","status-publish","format-standard","hentry","category-comunitat-de-grans","category-comunitat-de-mitjans","category-infantil","category-general","category-portada"],"post_mailing_queue_ids":[],"_links":{"self":[{"href":"https:\/\/agora.xtec.cat\/escolalavilapalamos\/wp-json\/wp\/v2\/posts\/14758","targetHints":{"allow":["GET"]}}],"collection":[{"href":"https:\/\/agora.xtec.cat\/escolalavilapalamos\/wp-json\/wp\/v2\/posts"}],"about":[{"href":"https:\/\/agora.xtec.cat\/escolalavilapalamos\/wp-json\/wp\/v2\/types\/post"}],"author":[{"embeddable":true,"href":"https:\/\/agora.xtec.cat\/escolalavilapalamos\/wp-json\/wp\/v2\/users\/1"}],"replies":[{"embeddable":true,"href":"https:\/\/agora.xtec.cat\/escolalavilapalamos\/wp-json\/wp\/v2\/comments?post=14758"}],"version-history":[{"count":1,"href":"https:\/\/agora.xtec.cat\/escolalavilapalamos\/wp-json\/wp\/v2\/posts\/14758\/revisions"}],"predecessor-version":[{"id":14760,"href":"https:\/\/agora.xtec.cat\/escolalavilapalamos\/wp-json\/wp\/v2\/posts\/14758\/revisions\/14760"}],"wp:attachment":[{"href":"https:\/\/agora.xtec.cat\/escolalavilapalamos\/wp-json\/wp\/v2\/media?parent=14758"}],"wp:term":[{"taxonomy":"category","embeddable":true,"href":"https:\/\/agora.xtec.cat\/escolalavilapalamos\/wp-json\/wp\/v2\/categories?post=14758"},{"taxonomy":"post_tag","embeddable":true,"href":"https:\/\/agora.xtec.cat\/escolalavilapalamos\/wp-json\/wp\/v2\/tags?post=14758"}],"curies":[{"name":"wp","href":"https:\/\/api.w.org\/{rel}","templated":true}]}}