{"id":14754,"date":"2024-06-18T13:27:15","date_gmt":"2024-06-18T11:27:15","guid":{"rendered":"https:\/\/agora.xtec.cat\/escolalavilapalamos\/?p=14754"},"modified":"2024-06-18T13:27:15","modified_gmt":"2024-06-18T11:27:15","slug":"a-6e-hem-finalitzat-vela-escolar","status":"publish","type":"post","link":"https:\/\/agora.xtec.cat\/escolalavilapalamos\/portada\/a-6e-hem-finalitzat-vela-escolar\/","title":{"rendered":"A 6\u00e8 hem finalitzat vela escolar!"},"content":{"rendered":"<p>L\u2019alumnat de 6\u00e8 de prim\u00e0ria ha finalitzat\u00a0<strong>el curs de Vela Escolar 23-24<\/strong>, en aquestes 11 sessions han aprofundit sobre aquest esport n\u00e0utic tant lligat amb el nostre poble. Han realitzat 11 sessions pr\u00e0ctiques que ens han servit per a treballar de forma cooperativa en un entorn \u00fanic. El curs ha finalitzat amb<strong> la regata interescolar que s&#8217;ha dut a terme el passat dissabte 15 de juny al mat\u00ed<\/strong>.<\/p>\n<p><a href=\"https:\/\/agora.xtec.cat\/escolalavilapalamos\/wp-content\/uploads\/usu897\/2024\/06\/IMG-20240617-WA0001.jpg\"><img loading=\"lazy\" decoding=\"async\" class=\"wp-image-14755 alignleft\" src=\"https:\/\/agora.xtec.cat\/escolalavilapalamos\/wp-content\/uploads\/usu897\/2024\/06\/IMG-20240617-WA0001-1024x768.jpg\" alt=\"\" width=\"487\" height=\"365\" srcset=\"https:\/\/agora.xtec.cat\/escolalavilapalamos\/wp-content\/uploads\/usu897\/2024\/06\/IMG-20240617-WA0001-1024x768.jpg 1024w, https:\/\/agora.xtec.cat\/escolalavilapalamos\/wp-content\/uploads\/usu897\/2024\/06\/IMG-20240617-WA0001-300x225.jpg 300w, https:\/\/agora.xtec.cat\/escolalavilapalamos\/wp-content\/uploads\/usu897\/2024\/06\/IMG-20240617-WA0001-768x576.jpg 768w, https:\/\/agora.xtec.cat\/escolalavilapalamos\/wp-content\/uploads\/usu897\/2024\/06\/IMG-20240617-WA0001-1536x1152.jpg 1536w, https:\/\/agora.xtec.cat\/escolalavilapalamos\/wp-content\/uploads\/usu897\/2024\/06\/IMG-20240617-WA0001-200x150.jpg 200w, https:\/\/agora.xtec.cat\/escolalavilapalamos\/wp-content\/uploads\/usu897\/2024\/06\/IMG-20240617-WA0001.jpg 2048w\" sizes=\"auto, (max-width: 487px) 100vw, 487px\" \/><\/a> <a href=\"https:\/\/agora.xtec.cat\/escolalavilapalamos\/wp-content\/uploads\/usu897\/2024\/06\/IMG-20240617-WA0000.jpg\"><img loading=\"lazy\" decoding=\"async\" class=\"alignnone wp-image-14756\" src=\"https:\/\/agora.xtec.cat\/escolalavilapalamos\/wp-content\/uploads\/usu897\/2024\/06\/IMG-20240617-WA0000-1024x768.jpg\" alt=\"\" width=\"486\" height=\"364\" srcset=\"https:\/\/agora.xtec.cat\/escolalavilapalamos\/wp-content\/uploads\/usu897\/2024\/06\/IMG-20240617-WA0000-1024x768.jpg 1024w, https:\/\/agora.xtec.cat\/escolalavilapalamos\/wp-content\/uploads\/usu897\/2024\/06\/IMG-20240617-WA0000-300x225.jpg 300w, https:\/\/agora.xtec.cat\/escolalavilapalamos\/wp-content\/uploads\/usu897\/2024\/06\/IMG-20240617-WA0000-768x576.jpg 768w, https:\/\/agora.xtec.cat\/escolalavilapalamos\/wp-content\/uploads\/usu897\/2024\/06\/IMG-20240617-WA0000-1536x1152.jpg 1536w, https:\/\/agora.xtec.cat\/escolalavilapalamos\/wp-content\/uploads\/usu897\/2024\/06\/IMG-20240617-WA0000-200x150.jpg 200w, https:\/\/agora.xtec.cat\/escolalavilapalamos\/wp-content\/uploads\/usu897\/2024\/06\/IMG-20240617-WA0000.jpg 2048w\" sizes=\"auto, (max-width: 486px) 100vw, 486px\" \/><\/a><\/p>\n","protected":false},"excerpt":{"rendered":"<p>L\u2019alumnat de 6\u00e8 de prim\u00e0ria ha finalitzat\u00a0el curs de Vela Escolar 23-24, en aquestes 11 sessions han aprofundit sobre aquest esport n\u00e0utic tant lligat amb el nostre poble. Han realitzat 11 sessions pr\u00e0ctiques que ens han servit per a treballar de forma cooperativa en un&hellip;  <a href=\"https:\/\/agora.xtec.cat\/escolalavilapalamos\/portada\/a-6e-hem-finalitzat-vela-escolar\/\" title=\"Read A 6\u00e8 hem finalitzat vela escolar!\">Llegeix m\u00e9s\u00bb<\/a><\/p>\n","protected":false},"author":167,"featured_media":0,"comment_status":"open","ping_status":"closed","sticky":false,"template":"","format":"standard","meta":{"_bbp_topic_count":0,"_bbp_reply_count":0,"_bbp_total_topic_count":0,"_bbp_total_reply_count":0,"_bbp_voice_count":0,"_bbp_anonymous_reply_count":0,"_bbp_topic_count_hidden":0,"_bbp_reply_count_hidden":0,"_bbp_forum_subforum_count":0,"footnotes":""},"categories":[128,70,67,4],"tags":[],"class_list":["post-14754","post","type-post","status-publish","format-standard","hentry","category-comunitat-de-grans","category-efi","category-especialistes","category-portada"],"post_mailing_queue_ids":[],"_links":{"self":[{"href":"https:\/\/agora.xtec.cat\/escolalavilapalamos\/wp-json\/wp\/v2\/posts\/14754","targetHints":{"allow":["GET"]}}],"collection":[{"href":"https:\/\/agora.xtec.cat\/escolalavilapalamos\/wp-json\/wp\/v2\/posts"}],"about":[{"href":"https:\/\/agora.xtec.cat\/escolalavilapalamos\/wp-json\/wp\/v2\/types\/post"}],"author":[{"embeddable":true,"href":"https:\/\/agora.xtec.cat\/escolalavilapalamos\/wp-json\/wp\/v2\/users\/167"}],"replies":[{"embeddable":true,"href":"https:\/\/agora.xtec.cat\/escolalavilapalamos\/wp-json\/wp\/v2\/comments?post=14754"}],"version-history":[{"count":1,"href":"https:\/\/agora.xtec.cat\/escolalavilapalamos\/wp-json\/wp\/v2\/posts\/14754\/revisions"}],"predecessor-version":[{"id":14757,"href":"https:\/\/agora.xtec.cat\/escolalavilapalamos\/wp-json\/wp\/v2\/posts\/14754\/revisions\/14757"}],"wp:attachment":[{"href":"https:\/\/agora.xtec.cat\/escolalavilapalamos\/wp-json\/wp\/v2\/media?parent=14754"}],"wp:term":[{"taxonomy":"category","embeddable":true,"href":"https:\/\/agora.xtec.cat\/escolalavilapalamos\/wp-json\/wp\/v2\/categories?post=14754"},{"taxonomy":"post_tag","embeddable":true,"href":"https:\/\/agora.xtec.cat\/escolalavilapalamos\/wp-json\/wp\/v2\/tags?post=14754"}],"curies":[{"name":"wp","href":"https:\/\/api.w.org\/{rel}","templated":true}]}}