{"id":14741,"date":"2024-06-13T12:28:39","date_gmt":"2024-06-13T10:28:39","guid":{"rendered":"https:\/\/agora.xtec.cat\/escolalavilapalamos\/?p=14741"},"modified":"2024-06-13T12:28:55","modified_gmt":"2024-06-13T10:28:55","slug":"comiat-de-6e-i-festa-del-pas-a-primaria","status":"publish","type":"post","link":"https:\/\/agora.xtec.cat\/escolalavilapalamos\/general\/comiat-de-6e-i-festa-del-pas-a-primaria\/","title":{"rendered":"Comiat de 6\u00e8 i Festa del Pas a Prim\u00e0ria"},"content":{"rendered":"<p><a href=\"https:\/\/agora.xtec.cat\/escolalavilapalamos\/wp-content\/uploads\/usu897\/2024\/06\/IMG-20240612-WA0005.jpg\"><img loading=\"lazy\" decoding=\"async\" class=\"alignleft wp-image-14742\" src=\"https:\/\/agora.xtec.cat\/escolalavilapalamos\/wp-content\/uploads\/usu897\/2024\/06\/IMG-20240612-WA0005-724x1024.jpg\" alt=\"\" width=\"261\" height=\"370\" srcset=\"https:\/\/agora.xtec.cat\/escolalavilapalamos\/wp-content\/uploads\/usu897\/2024\/06\/IMG-20240612-WA0005-724x1024.jpg 724w, https:\/\/agora.xtec.cat\/escolalavilapalamos\/wp-content\/uploads\/usu897\/2024\/06\/IMG-20240612-WA0005-212x300.jpg 212w, https:\/\/agora.xtec.cat\/escolalavilapalamos\/wp-content\/uploads\/usu897\/2024\/06\/IMG-20240612-WA0005-768x1086.jpg 768w, https:\/\/agora.xtec.cat\/escolalavilapalamos\/wp-content\/uploads\/usu897\/2024\/06\/IMG-20240612-WA0005-1086x1536.jpg 1086w, https:\/\/agora.xtec.cat\/escolalavilapalamos\/wp-content\/uploads\/usu897\/2024\/06\/IMG-20240612-WA0005.jpg 1131w\" sizes=\"auto, (max-width: 261px) 100vw, 261px\" \/><\/a><\/p>\n<p><a href=\"https:\/\/agora.xtec.cat\/escolalavilapalamos\/wp-content\/uploads\/usu897\/2024\/06\/IMG-20240611-WA0015.jpg\"><img loading=\"lazy\" decoding=\"async\" class=\"alignleft wp-image-14743\" src=\"https:\/\/agora.xtec.cat\/escolalavilapalamos\/wp-content\/uploads\/usu897\/2024\/06\/IMG-20240611-WA0015-724x1024.jpg\" alt=\"\" width=\"248\" height=\"350\" srcset=\"https:\/\/agora.xtec.cat\/escolalavilapalamos\/wp-content\/uploads\/usu897\/2024\/06\/IMG-20240611-WA0015-724x1024.jpg 724w, https:\/\/agora.xtec.cat\/escolalavilapalamos\/wp-content\/uploads\/usu897\/2024\/06\/IMG-20240611-WA0015-212x300.jpg 212w, https:\/\/agora.xtec.cat\/escolalavilapalamos\/wp-content\/uploads\/usu897\/2024\/06\/IMG-20240611-WA0015-768x1086.jpg 768w, https:\/\/agora.xtec.cat\/escolalavilapalamos\/wp-content\/uploads\/usu897\/2024\/06\/IMG-20240611-WA0015-1086x1536.jpg 1086w, https:\/\/agora.xtec.cat\/escolalavilapalamos\/wp-content\/uploads\/usu897\/2024\/06\/IMG-20240611-WA0015.jpg 1448w\" sizes=\"auto, (max-width: 248px) 100vw, 248px\" \/><\/a><\/p>\n<p>&nbsp;<\/p>\n<p>&nbsp;<\/p>\n<p>&nbsp;<\/p>\n<p>&nbsp;<\/p>\n<p>&nbsp;<\/p>\n<p>&nbsp;<\/p>\n<p>&nbsp;<\/p>\n<p>&nbsp;<\/p>\n<p>&nbsp;<\/p>\n<p>Dimecres <strong>19 de juny<\/strong> \u00e9s motiu de celebraci\u00f3! Per una banda, celebrem <strong>el pas a prim\u00e0ria<\/strong> dels nens i nenes d&#8217;I5. Per una altra banda, celebrem el comiat dels nois i noies de 6\u00e8 que acaben l&#8217;etapa de prim\u00e0ria per comen\u00e7ar secund\u00e0ria!<\/p>\n<p>La festa d&#8217;<strong>I5<\/strong> comen\u00e7a a les <strong>17.30h<\/strong> a la Pineda de l&#8217;Escola i el comiat de <strong>6\u00e8<\/strong> a les <strong>19.30h<\/strong> al pavell\u00f3.<\/p>\n<p>Esperem compartir amb vosaltres la festa!\u00a0 Us hi esperem!<\/p>\n","protected":false},"excerpt":{"rendered":"<p><a href=\"https:\/\/agora.xtec.cat\/escolalavilapalamos\/wp-content\/uploads\/usu897\/2024\/06\/IMG-20240612-WA0005.jpg\"><\/a><br \/>\n<a href=\"https:\/\/agora.xtec.cat\/escolalavilapalamos\/wp-content\/uploads\/usu897\/2024\/06\/IMG-20240611-WA0015.jpg\"><\/a><br \/>\n&nbsp;<br \/>\n&nbsp;<br \/>\n&nbsp;<br \/>\n&nbsp;<br \/>\n&nbsp;<br \/>\n&nbsp;<br \/>\n&nbsp;<br \/>\n&nbsp;<br \/>\n&nbsp;<br \/>\nDimecres 19 de juny \u00e9s motiu de celebraci\u00f3! Per una banda, celebrem el pas a prim\u00e0ria dels nens i nenes d&#8217;I5. Per una altra banda, celebrem el comiat dels nois i noies de 6\u00e8 que acaben l&#8217;etapa de prim\u00e0ria per comen\u00e7ar secund\u00e0ria!<br \/>\nLa festa&hellip;  <a href=\"https:\/\/agora.xtec.cat\/escolalavilapalamos\/general\/comiat-de-6e-i-festa-del-pas-a-primaria\/\" title=\"Read Comiat de 6\u00e8 i Festa del Pas a Prim\u00e0ria\">Llegeix m\u00e9s\u00bb<\/a><\/p>\n","protected":false},"author":1,"featured_media":0,"comment_status":"open","ping_status":"closed","sticky":false,"template":"","format":"standard","meta":{"_bbp_topic_count":0,"_bbp_reply_count":0,"_bbp_total_topic_count":0,"_bbp_total_reply_count":0,"_bbp_voice_count":0,"_bbp_anonymous_reply_count":0,"_bbp_topic_count_hidden":0,"_bbp_reply_count_hidden":0,"_bbp_forum_subforum_count":0,"footnotes":""},"categories":[128,2,1,4],"tags":[],"class_list":["post-14741","post","type-post","status-publish","format-standard","hentry","category-comunitat-de-grans","category-infantil","category-general","category-portada"],"post_mailing_queue_ids":[],"_links":{"self":[{"href":"https:\/\/agora.xtec.cat\/escolalavilapalamos\/wp-json\/wp\/v2\/posts\/14741","targetHints":{"allow":["GET"]}}],"collection":[{"href":"https:\/\/agora.xtec.cat\/escolalavilapalamos\/wp-json\/wp\/v2\/posts"}],"about":[{"href":"https:\/\/agora.xtec.cat\/escolalavilapalamos\/wp-json\/wp\/v2\/types\/post"}],"author":[{"embeddable":true,"href":"https:\/\/agora.xtec.cat\/escolalavilapalamos\/wp-json\/wp\/v2\/users\/1"}],"replies":[{"embeddable":true,"href":"https:\/\/agora.xtec.cat\/escolalavilapalamos\/wp-json\/wp\/v2\/comments?post=14741"}],"version-history":[{"count":2,"href":"https:\/\/agora.xtec.cat\/escolalavilapalamos\/wp-json\/wp\/v2\/posts\/14741\/revisions"}],"predecessor-version":[{"id":14745,"href":"https:\/\/agora.xtec.cat\/escolalavilapalamos\/wp-json\/wp\/v2\/posts\/14741\/revisions\/14745"}],"wp:attachment":[{"href":"https:\/\/agora.xtec.cat\/escolalavilapalamos\/wp-json\/wp\/v2\/media?parent=14741"}],"wp:term":[{"taxonomy":"category","embeddable":true,"href":"https:\/\/agora.xtec.cat\/escolalavilapalamos\/wp-json\/wp\/v2\/categories?post=14741"},{"taxonomy":"post_tag","embeddable":true,"href":"https:\/\/agora.xtec.cat\/escolalavilapalamos\/wp-json\/wp\/v2\/tags?post=14741"}],"curies":[{"name":"wp","href":"https:\/\/api.w.org\/{rel}","templated":true}]}}