{"id":14738,"date":"2024-06-13T12:00:53","date_gmt":"2024-06-13T10:00:53","guid":{"rendered":"https:\/\/agora.xtec.cat\/escolalavilapalamos\/?p=14738"},"modified":"2024-06-13T12:00:53","modified_gmt":"2024-06-13T10:00:53","slug":"25-anys-escola-verda","status":"publish","type":"post","link":"https:\/\/agora.xtec.cat\/escolalavilapalamos\/general\/25-anys-escola-verda\/","title":{"rendered":"25 anys Escola Verda"},"content":{"rendered":"<p>Divendres 7 de juny el comit\u00e8 <strong>&#8220;Vilaverda&#8221;<\/strong> van anar al M\u00f3n Sant Benet a Sant Fruit\u00f3s del Bages a recollir el distintiu d&#8217;Escola Verda. L&#8217;acte s&#8217;englobava dins la festa dels 25 anys d&#8217;Escoles verdes.<\/p>\n<p>La presentadora va ser la Mariona Escoda, una grata sorpresa! Van veure-la cantar i es van poder fer una foto amb ella. Van tenir l&#8217;honor que el distintiu i la placa els hi va donar la Consellera d&#8217;Educaci\u00f3 Anna Sim\u00f3 i Castell\u00f3 i el Conseller d&#8217;Acci\u00f3 Clim\u00e0tica, Alimentaci\u00f3 i Agenda Rural David Mascort i Subiranas.<\/p>\n<p>Van gaudir d&#8217;un espai id\u00edl\u00b7lic amb animacions, jocs i tallers que dinamitzaven la jornada.<\/p>\n<p>Agra\u00efm al primer comit\u00e8 de l&#8217;Escola la Vila per la seva implicaci\u00f3 i motivaci\u00f3 a tirar endavant el projecte. Ara s\u00ed que podem dir que l&#8217;Escola La Vila \u00e9s Escola Verda!<\/p>\n<p>A continuaci\u00f3 us deixem un <a href=\"https:\/\/photos.app.goo.gl\/CrxGu97YG8vFf5x6A\">enlla\u00e7<\/a> amb les fotos de la jornada.<\/p>\n<p><a href=\"https:\/\/agora.xtec.cat\/escolalavilapalamos\/wp-content\/uploads\/usu897\/2024\/06\/canvi-scaled.jpg\"><img loading=\"lazy\" decoding=\"async\" class=\"wp-image-14739 aligncenter\" src=\"https:\/\/agora.xtec.cat\/escolalavilapalamos\/wp-content\/uploads\/usu897\/2024\/06\/canvi-scaled.jpg\" alt=\"\" width=\"599\" height=\"399\" srcset=\"https:\/\/agora.xtec.cat\/escolalavilapalamos\/wp-content\/uploads\/usu897\/2024\/06\/canvi-scaled.jpg 2560w, https:\/\/agora.xtec.cat\/escolalavilapalamos\/wp-content\/uploads\/usu897\/2024\/06\/canvi-300x200.jpg 300w, https:\/\/agora.xtec.cat\/escolalavilapalamos\/wp-content\/uploads\/usu897\/2024\/06\/canvi-1024x683.jpg 1024w, https:\/\/agora.xtec.cat\/escolalavilapalamos\/wp-content\/uploads\/usu897\/2024\/06\/canvi-768x512.jpg 768w, https:\/\/agora.xtec.cat\/escolalavilapalamos\/wp-content\/uploads\/usu897\/2024\/06\/canvi-1536x1024.jpg 1536w, https:\/\/agora.xtec.cat\/escolalavilapalamos\/wp-content\/uploads\/usu897\/2024\/06\/canvi-2048x1365.jpg 2048w\" sizes=\"auto, (max-width: 599px) 100vw, 599px\" \/><\/a><\/p>\n","protected":false},"excerpt":{"rendered":"<p>Divendres 7 de juny el comit\u00e8 &#8220;Vilaverda&#8221; van anar al M\u00f3n Sant Benet a Sant Fruit\u00f3s del Bages a recollir el distintiu d&#8217;Escola Verda. L&#8217;acte s&#8217;englobava dins la festa dels 25 anys d&#8217;Escoles verdes.<br \/>\nLa presentadora va ser la Mariona Escoda, una grata sorpresa! Van veure-la&hellip;  <a href=\"https:\/\/agora.xtec.cat\/escolalavilapalamos\/general\/25-anys-escola-verda\/\" title=\"Read 25 anys Escola Verda\">Llegeix m\u00e9s\u00bb<\/a><\/p>\n","protected":false},"author":1,"featured_media":0,"comment_status":"open","ping_status":"closed","sticky":false,"template":"","format":"standard","meta":{"_bbp_topic_count":0,"_bbp_reply_count":0,"_bbp_total_topic_count":0,"_bbp_total_reply_count":0,"_bbp_voice_count":0,"_bbp_anonymous_reply_count":0,"_bbp_topic_count_hidden":0,"_bbp_reply_count_hidden":0,"_bbp_forum_subforum_count":0,"footnotes":""},"categories":[1,4],"tags":[],"class_list":["post-14738","post","type-post","status-publish","format-standard","hentry","category-general","category-portada"],"post_mailing_queue_ids":[],"_links":{"self":[{"href":"https:\/\/agora.xtec.cat\/escolalavilapalamos\/wp-json\/wp\/v2\/posts\/14738","targetHints":{"allow":["GET"]}}],"collection":[{"href":"https:\/\/agora.xtec.cat\/escolalavilapalamos\/wp-json\/wp\/v2\/posts"}],"about":[{"href":"https:\/\/agora.xtec.cat\/escolalavilapalamos\/wp-json\/wp\/v2\/types\/post"}],"author":[{"embeddable":true,"href":"https:\/\/agora.xtec.cat\/escolalavilapalamos\/wp-json\/wp\/v2\/users\/1"}],"replies":[{"embeddable":true,"href":"https:\/\/agora.xtec.cat\/escolalavilapalamos\/wp-json\/wp\/v2\/comments?post=14738"}],"version-history":[{"count":1,"href":"https:\/\/agora.xtec.cat\/escolalavilapalamos\/wp-json\/wp\/v2\/posts\/14738\/revisions"}],"predecessor-version":[{"id":14740,"href":"https:\/\/agora.xtec.cat\/escolalavilapalamos\/wp-json\/wp\/v2\/posts\/14738\/revisions\/14740"}],"wp:attachment":[{"href":"https:\/\/agora.xtec.cat\/escolalavilapalamos\/wp-json\/wp\/v2\/media?parent=14738"}],"wp:term":[{"taxonomy":"category","embeddable":true,"href":"https:\/\/agora.xtec.cat\/escolalavilapalamos\/wp-json\/wp\/v2\/categories?post=14738"},{"taxonomy":"post_tag","embeddable":true,"href":"https:\/\/agora.xtec.cat\/escolalavilapalamos\/wp-json\/wp\/v2\/tags?post=14738"}],"curies":[{"name":"wp","href":"https:\/\/api.w.org\/{rel}","templated":true}]}}