{"id":14724,"date":"2024-06-11T23:32:52","date_gmt":"2024-06-11T21:32:52","guid":{"rendered":"https:\/\/agora.xtec.cat\/escolalavilapalamos\/?p=14724"},"modified":"2024-06-11T23:32:52","modified_gmt":"2024-06-11T21:32:52","slug":"sortida-viure-a-trenc-dona-5e","status":"publish","type":"post","link":"https:\/\/agora.xtec.cat\/escolalavilapalamos\/general\/sortida-viure-a-trenc-dona-5e\/","title":{"rendered":"Sortida Viure a trenc d&#8217;ona 5\u00e8"},"content":{"rendered":"<p>El passat dijous 8 de juny els alumnes de 5\u00e8 vam fer la sortida &#8220;Viure a trenc d&#8217;ona&#8221; del programa Arrels.<\/p>\n<p>Vam comen\u00e7ar realitzant diferents activitats d&#8217;identificaci\u00f3 d&#8217;\u00e9ssers vius marins a la Platja Gran acompanyats pels bi\u00f2legs del programa que dinamitzaven l&#8217;activitat. A continuaci\u00f3, vam fer la part practica del dia, on vam anar a la platja Pere Grau on vam fer l&#8217;estudi de diferents \u00e9ssers vius marins com crancs, tom\u00e0quets de mar, algues, posid\u00f2nia, alguns peixos, eri\u00e7ons de mar, etc. Ens ho vam passar genial observant les diferents esp\u00e8cies. Ep! Tots els \u00e9ssers vius que vam recollir, despr\u00e9s els vam tornar al seu entorn natural, al mar.<\/p>\n<p>Clica la <a href=\"https:\/\/photos.app.goo.gl\/NUo5DAHiX6woV6yP9\">imatge<\/a> per veure un recull de diferents fotografies<\/p>\n<p><a href=\"https:\/\/photos.app.goo.gl\/NUo5DAHiX6woV6yP9\"><img loading=\"lazy\" decoding=\"async\" class=\"wp-image-14726 aligncenter\" src=\"https:\/\/agora.xtec.cat\/escolalavilapalamos\/wp-content\/uploads\/usu897\/2024\/06\/Viure-a-trenc-dona-300x224.png\" alt=\"\" width=\"376\" height=\"281\" srcset=\"https:\/\/agora.xtec.cat\/escolalavilapalamos\/wp-content\/uploads\/usu897\/2024\/06\/Viure-a-trenc-dona-300x224.png 300w, https:\/\/agora.xtec.cat\/escolalavilapalamos\/wp-content\/uploads\/usu897\/2024\/06\/Viure-a-trenc-dona-1024x766.png 1024w, https:\/\/agora.xtec.cat\/escolalavilapalamos\/wp-content\/uploads\/usu897\/2024\/06\/Viure-a-trenc-dona-768x574.png 768w, https:\/\/agora.xtec.cat\/escolalavilapalamos\/wp-content\/uploads\/usu897\/2024\/06\/Viure-a-trenc-dona-200x150.png 200w, https:\/\/agora.xtec.cat\/escolalavilapalamos\/wp-content\/uploads\/usu897\/2024\/06\/Viure-a-trenc-dona.png 1137w\" sizes=\"auto, (max-width: 376px) 100vw, 376px\" \/><\/a><\/p>\n<p>&nbsp;<\/p>\n<p>&nbsp;<\/p>\n<p>&nbsp;<\/p>\n","protected":false},"excerpt":{"rendered":"<p>El passat dijous 8 de juny els alumnes de 5\u00e8 vam fer la sortida &#8220;Viure a trenc d&#8217;ona&#8221; del programa Arrels.<br \/>\nVam comen\u00e7ar realitzant diferents activitats d&#8217;identificaci\u00f3 d&#8217;\u00e9ssers vius marins a la Platja Gran acompanyats pels bi\u00f2legs del programa que dinamitzaven l&#8217;activitat. A continuaci\u00f3, vam fer&hellip;  <a href=\"https:\/\/agora.xtec.cat\/escolalavilapalamos\/general\/sortida-viure-a-trenc-dona-5e\/\" title=\"Read Sortida Viure a trenc d&#8217;ona 5\u00e8\">Llegeix m\u00e9s\u00bb<\/a><\/p>\n","protected":false},"author":132,"featured_media":0,"comment_status":"closed","ping_status":"closed","sticky":false,"template":"","format":"standard","meta":{"_bbp_topic_count":0,"_bbp_reply_count":0,"_bbp_total_topic_count":0,"_bbp_total_reply_count":0,"_bbp_voice_count":0,"_bbp_anonymous_reply_count":0,"_bbp_topic_count_hidden":0,"_bbp_reply_count_hidden":0,"_bbp_forum_subforum_count":0,"footnotes":""},"categories":[128,1,4,5],"tags":[],"class_list":["post-14724","post","type-post","status-publish","format-standard","hentry","category-comunitat-de-grans","category-general","category-portada","category-primaria"],"post_mailing_queue_ids":[],"_links":{"self":[{"href":"https:\/\/agora.xtec.cat\/escolalavilapalamos\/wp-json\/wp\/v2\/posts\/14724","targetHints":{"allow":["GET"]}}],"collection":[{"href":"https:\/\/agora.xtec.cat\/escolalavilapalamos\/wp-json\/wp\/v2\/posts"}],"about":[{"href":"https:\/\/agora.xtec.cat\/escolalavilapalamos\/wp-json\/wp\/v2\/types\/post"}],"author":[{"embeddable":true,"href":"https:\/\/agora.xtec.cat\/escolalavilapalamos\/wp-json\/wp\/v2\/users\/132"}],"replies":[{"embeddable":true,"href":"https:\/\/agora.xtec.cat\/escolalavilapalamos\/wp-json\/wp\/v2\/comments?post=14724"}],"version-history":[{"count":4,"href":"https:\/\/agora.xtec.cat\/escolalavilapalamos\/wp-json\/wp\/v2\/posts\/14724\/revisions"}],"predecessor-version":[{"id":14729,"href":"https:\/\/agora.xtec.cat\/escolalavilapalamos\/wp-json\/wp\/v2\/posts\/14724\/revisions\/14729"}],"wp:attachment":[{"href":"https:\/\/agora.xtec.cat\/escolalavilapalamos\/wp-json\/wp\/v2\/media?parent=14724"}],"wp:term":[{"taxonomy":"category","embeddable":true,"href":"https:\/\/agora.xtec.cat\/escolalavilapalamos\/wp-json\/wp\/v2\/categories?post=14724"},{"taxonomy":"post_tag","embeddable":true,"href":"https:\/\/agora.xtec.cat\/escolalavilapalamos\/wp-json\/wp\/v2\/tags?post=14724"}],"curies":[{"name":"wp","href":"https:\/\/api.w.org\/{rel}","templated":true}]}}