{"id":14720,"date":"2024-06-11T23:33:13","date_gmt":"2024-06-11T21:33:13","guid":{"rendered":"https:\/\/agora.xtec.cat\/escolalavilapalamos\/?p=14720"},"modified":"2024-06-11T23:33:13","modified_gmt":"2024-06-11T21:33:13","slug":"trobada-de-danses-escoles-de-palamos","status":"publish","type":"post","link":"https:\/\/agora.xtec.cat\/escolalavilapalamos\/general\/trobada-de-danses-escoles-de-palamos\/","title":{"rendered":"Trobada de danses escoles de Palam\u00f3s"},"content":{"rendered":"<p>El dilluns 10 de juny els i les alumnes de 3r van participar a la mostra de danses que organitzen el i les mestres de m\u00fasica de les quatre escoles de Palam\u00f3s. Enguany es van escollir danses d&#8217;arreu del m\u00f3n. La nostra escola va participar amb una dansa ben divertida i animada: Oh Susanna!<\/p>\n<p>Moltes gr\u00e0cies als cursos de 1r i 2n que ens van acompanyar i van ser un p\u00fablic fant\u00e0stic!<\/p>\n<p><a href=\"https:\/\/agora.xtec.cat\/escolalavilapalamos\/wp-content\/uploads\/usu897\/2024\/06\/WhatsApp-Image-2024-06-10-at-10.54.54-1.jpeg\"><img loading=\"lazy\" decoding=\"async\" class=\"size-medium wp-image-14721 alignleft\" src=\"https:\/\/agora.xtec.cat\/escolalavilapalamos\/wp-content\/uploads\/usu897\/2024\/06\/WhatsApp-Image-2024-06-10-at-10.54.54-1-300x225.jpeg\" alt=\"\" width=\"300\" height=\"225\" srcset=\"https:\/\/agora.xtec.cat\/escolalavilapalamos\/wp-content\/uploads\/usu897\/2024\/06\/WhatsApp-Image-2024-06-10-at-10.54.54-1-300x225.jpeg 300w, https:\/\/agora.xtec.cat\/escolalavilapalamos\/wp-content\/uploads\/usu897\/2024\/06\/WhatsApp-Image-2024-06-10-at-10.54.54-1-1024x768.jpeg 1024w, https:\/\/agora.xtec.cat\/escolalavilapalamos\/wp-content\/uploads\/usu897\/2024\/06\/WhatsApp-Image-2024-06-10-at-10.54.54-1-768x576.jpeg 768w, https:\/\/agora.xtec.cat\/escolalavilapalamos\/wp-content\/uploads\/usu897\/2024\/06\/WhatsApp-Image-2024-06-10-at-10.54.54-1-1536x1152.jpeg 1536w, https:\/\/agora.xtec.cat\/escolalavilapalamos\/wp-content\/uploads\/usu897\/2024\/06\/WhatsApp-Image-2024-06-10-at-10.54.54-1-200x150.jpeg 200w, https:\/\/agora.xtec.cat\/escolalavilapalamos\/wp-content\/uploads\/usu897\/2024\/06\/WhatsApp-Image-2024-06-10-at-10.54.54-1.jpeg 1600w\" sizes=\"auto, (max-width: 300px) 100vw, 300px\" \/><\/a><\/p>\n<p><a href=\"https:\/\/agora.xtec.cat\/escolalavilapalamos\/wp-content\/uploads\/usu897\/2024\/06\/WhatsApp-Image-2024-06-10-at-10.54.54.jpeg\"><img loading=\"lazy\" decoding=\"async\" class=\"alignnone size-medium wp-image-14722\" src=\"https:\/\/agora.xtec.cat\/escolalavilapalamos\/wp-content\/uploads\/usu897\/2024\/06\/WhatsApp-Image-2024-06-10-at-10.54.54-300x225.jpeg\" alt=\"\" width=\"300\" height=\"225\" srcset=\"https:\/\/agora.xtec.cat\/escolalavilapalamos\/wp-content\/uploads\/usu897\/2024\/06\/WhatsApp-Image-2024-06-10-at-10.54.54-300x225.jpeg 300w, https:\/\/agora.xtec.cat\/escolalavilapalamos\/wp-content\/uploads\/usu897\/2024\/06\/WhatsApp-Image-2024-06-10-at-10.54.54-1024x768.jpeg 1024w, https:\/\/agora.xtec.cat\/escolalavilapalamos\/wp-content\/uploads\/usu897\/2024\/06\/WhatsApp-Image-2024-06-10-at-10.54.54-768x576.jpeg 768w, https:\/\/agora.xtec.cat\/escolalavilapalamos\/wp-content\/uploads\/usu897\/2024\/06\/WhatsApp-Image-2024-06-10-at-10.54.54-1536x1152.jpeg 1536w, https:\/\/agora.xtec.cat\/escolalavilapalamos\/wp-content\/uploads\/usu897\/2024\/06\/WhatsApp-Image-2024-06-10-at-10.54.54-200x150.jpeg 200w, https:\/\/agora.xtec.cat\/escolalavilapalamos\/wp-content\/uploads\/usu897\/2024\/06\/WhatsApp-Image-2024-06-10-at-10.54.54.jpeg 1600w\" sizes=\"auto, (max-width: 300px) 100vw, 300px\" \/><\/a><\/p>\n","protected":false},"excerpt":{"rendered":"<p>El dilluns 10 de juny els i les alumnes de 3r van participar a la mostra de danses que organitzen el i les mestres de m\u00fasica de les quatre escoles de Palam\u00f3s. Enguany es van escollir danses d&#8217;arreu del m\u00f3n. La nostra escola va participar&hellip;  <a href=\"https:\/\/agora.xtec.cat\/escolalavilapalamos\/general\/trobada-de-danses-escoles-de-palamos\/\" title=\"Read Trobada de danses escoles de Palam\u00f3s\">Llegeix m\u00e9s\u00bb<\/a><\/p>\n","protected":false},"author":131,"featured_media":0,"comment_status":"open","ping_status":"closed","sticky":false,"template":"","format":"standard","meta":{"_bbp_topic_count":0,"_bbp_reply_count":0,"_bbp_total_topic_count":0,"_bbp_total_reply_count":0,"_bbp_voice_count":0,"_bbp_anonymous_reply_count":0,"_bbp_topic_count_hidden":0,"_bbp_reply_count_hidden":0,"_bbp_forum_subforum_count":0,"footnotes":""},"categories":[127,1,68,4,5],"tags":[],"class_list":["post-14720","post","type-post","status-publish","format-standard","hentry","category-comunitat-de-mitjans","category-general","category-musica","category-portada","category-primaria"],"post_mailing_queue_ids":[],"_links":{"self":[{"href":"https:\/\/agora.xtec.cat\/escolalavilapalamos\/wp-json\/wp\/v2\/posts\/14720","targetHints":{"allow":["GET"]}}],"collection":[{"href":"https:\/\/agora.xtec.cat\/escolalavilapalamos\/wp-json\/wp\/v2\/posts"}],"about":[{"href":"https:\/\/agora.xtec.cat\/escolalavilapalamos\/wp-json\/wp\/v2\/types\/post"}],"author":[{"embeddable":true,"href":"https:\/\/agora.xtec.cat\/escolalavilapalamos\/wp-json\/wp\/v2\/users\/131"}],"replies":[{"embeddable":true,"href":"https:\/\/agora.xtec.cat\/escolalavilapalamos\/wp-json\/wp\/v2\/comments?post=14720"}],"version-history":[{"count":1,"href":"https:\/\/agora.xtec.cat\/escolalavilapalamos\/wp-json\/wp\/v2\/posts\/14720\/revisions"}],"predecessor-version":[{"id":14723,"href":"https:\/\/agora.xtec.cat\/escolalavilapalamos\/wp-json\/wp\/v2\/posts\/14720\/revisions\/14723"}],"wp:attachment":[{"href":"https:\/\/agora.xtec.cat\/escolalavilapalamos\/wp-json\/wp\/v2\/media?parent=14720"}],"wp:term":[{"taxonomy":"category","embeddable":true,"href":"https:\/\/agora.xtec.cat\/escolalavilapalamos\/wp-json\/wp\/v2\/categories?post=14720"},{"taxonomy":"post_tag","embeddable":true,"href":"https:\/\/agora.xtec.cat\/escolalavilapalamos\/wp-json\/wp\/v2\/tags?post=14720"}],"curies":[{"name":"wp","href":"https:\/\/api.w.org\/{rel}","templated":true}]}}