{"id":14715,"date":"2024-06-18T13:28:57","date_gmt":"2024-06-18T11:28:57","guid":{"rendered":"https:\/\/agora.xtec.cat\/escolalavilapalamos\/?p=14715"},"modified":"2024-06-18T13:28:57","modified_gmt":"2024-06-18T11:28:57","slug":"escalada-a-5e-2","status":"publish","type":"post","link":"https:\/\/agora.xtec.cat\/escolalavilapalamos\/portada\/escalada-a-5e-2\/","title":{"rendered":"Escalada a 5\u00e8!"},"content":{"rendered":"<p>A 5\u00e8 hem finalitzat el curs realitzant una activitat emocionant i molt motivant. Des de l&#8217;\u00e0rea d&#8217;educaci\u00f3 f\u00edsica s&#8217;ha fet una sessi\u00f3 pr\u00e0ctica al Roc\u00f2drom 9C de Palam\u00f3s. All\u00e0 vam passar un divertit mat\u00ed coneixent i practicant aquesta modalitat esportiva.<\/p>\n<p>A continuaci\u00f3 en podeu veure un recull de fotografies de cada grup.\u00a0 \u00a0 \u00a0 \u00a0<a href=\"https:\/\/photos.app.goo.gl\/PPVHBq49rimZTfKS9\">5\u00e8 A<\/a>\u00a0 \u00a0 \u00a0 \u00a0<a href=\"https:\/\/photos.app.goo.gl\/QL5uGeHYACkcF4f39\">5\u00e8 B<\/a><\/p>\n<p><a href=\"https:\/\/agora.xtec.cat\/escolalavilapalamos\/wp-content\/uploads\/usu897\/2024\/06\/IMG_9035-scaled.jpg\"><img loading=\"lazy\" decoding=\"async\" class=\"wp-image-14762 aligncenter\" src=\"https:\/\/agora.xtec.cat\/escolalavilapalamos\/wp-content\/uploads\/usu897\/2024\/06\/IMG_9035-1024x768.jpg\" alt=\"\" width=\"510\" height=\"383\" srcset=\"https:\/\/agora.xtec.cat\/escolalavilapalamos\/wp-content\/uploads\/usu897\/2024\/06\/IMG_9035-1024x768.jpg 1024w, https:\/\/agora.xtec.cat\/escolalavilapalamos\/wp-content\/uploads\/usu897\/2024\/06\/IMG_9035-300x225.jpg 300w, https:\/\/agora.xtec.cat\/escolalavilapalamos\/wp-content\/uploads\/usu897\/2024\/06\/IMG_9035-768x576.jpg 768w, https:\/\/agora.xtec.cat\/escolalavilapalamos\/wp-content\/uploads\/usu897\/2024\/06\/IMG_9035-1536x1152.jpg 1536w, https:\/\/agora.xtec.cat\/escolalavilapalamos\/wp-content\/uploads\/usu897\/2024\/06\/IMG_9035-2048x1536.jpg 2048w, https:\/\/agora.xtec.cat\/escolalavilapalamos\/wp-content\/uploads\/usu897\/2024\/06\/IMG_9035-200x150.jpg 200w\" sizes=\"auto, (max-width: 510px) 100vw, 510px\" \/><\/a><\/p>\n","protected":false},"excerpt":{"rendered":"<p>A 5\u00e8 hem finalitzat el curs realitzant una activitat emocionant i molt motivant. Des de l&#8217;\u00e0rea d&#8217;educaci\u00f3 f\u00edsica s&#8217;ha fet una sessi\u00f3 pr\u00e0ctica al Roc\u00f2drom 9C de Palam\u00f3s. All\u00e0 vam passar un divertit mat\u00ed coneixent i practicant aquesta modalitat esportiva.<br \/>\nA continuaci\u00f3 en podeu veure un&hellip;  <a href=\"https:\/\/agora.xtec.cat\/escolalavilapalamos\/portada\/escalada-a-5e-2\/\" title=\"Read Escalada a 5\u00e8!\">Llegeix m\u00e9s\u00bb<\/a><\/p>\n","protected":false},"author":167,"featured_media":0,"comment_status":"open","ping_status":"closed","sticky":false,"template":"","format":"standard","meta":{"_bbp_topic_count":0,"_bbp_reply_count":0,"_bbp_total_topic_count":0,"_bbp_total_reply_count":0,"_bbp_voice_count":0,"_bbp_anonymous_reply_count":0,"_bbp_topic_count_hidden":0,"_bbp_reply_count_hidden":0,"_bbp_forum_subforum_count":0,"footnotes":""},"categories":[128,70,67,4],"tags":[],"class_list":["post-14715","post","type-post","status-publish","format-standard","hentry","category-comunitat-de-grans","category-efi","category-especialistes","category-portada"],"post_mailing_queue_ids":[],"_links":{"self":[{"href":"https:\/\/agora.xtec.cat\/escolalavilapalamos\/wp-json\/wp\/v2\/posts\/14715","targetHints":{"allow":["GET"]}}],"collection":[{"href":"https:\/\/agora.xtec.cat\/escolalavilapalamos\/wp-json\/wp\/v2\/posts"}],"about":[{"href":"https:\/\/agora.xtec.cat\/escolalavilapalamos\/wp-json\/wp\/v2\/types\/post"}],"author":[{"embeddable":true,"href":"https:\/\/agora.xtec.cat\/escolalavilapalamos\/wp-json\/wp\/v2\/users\/167"}],"replies":[{"embeddable":true,"href":"https:\/\/agora.xtec.cat\/escolalavilapalamos\/wp-json\/wp\/v2\/comments?post=14715"}],"version-history":[{"count":5,"href":"https:\/\/agora.xtec.cat\/escolalavilapalamos\/wp-json\/wp\/v2\/posts\/14715\/revisions"}],"predecessor-version":[{"id":14763,"href":"https:\/\/agora.xtec.cat\/escolalavilapalamos\/wp-json\/wp\/v2\/posts\/14715\/revisions\/14763"}],"wp:attachment":[{"href":"https:\/\/agora.xtec.cat\/escolalavilapalamos\/wp-json\/wp\/v2\/media?parent=14715"}],"wp:term":[{"taxonomy":"category","embeddable":true,"href":"https:\/\/agora.xtec.cat\/escolalavilapalamos\/wp-json\/wp\/v2\/categories?post=14715"},{"taxonomy":"post_tag","embeddable":true,"href":"https:\/\/agora.xtec.cat\/escolalavilapalamos\/wp-json\/wp\/v2\/tags?post=14715"}],"curies":[{"name":"wp","href":"https:\/\/api.w.org\/{rel}","templated":true}]}}