{"id":14703,"date":"2024-06-10T09:02:38","date_gmt":"2024-06-10T07:02:38","guid":{"rendered":"https:\/\/agora.xtec.cat\/escolalavilapalamos\/?p=14703"},"modified":"2024-06-10T09:13:11","modified_gmt":"2024-06-10T07:13:11","slug":"6e-cosmocaixa","status":"publish","type":"post","link":"https:\/\/agora.xtec.cat\/escolalavilapalamos\/general\/6e-cosmocaixa\/","title":{"rendered":"6\u00e8 CosmoCaixa"},"content":{"rendered":"<p><a href=\"https:\/\/agora.xtec.cat\/escolalavilapalamos\/wp-content\/uploads\/usu897\/2024\/06\/IMG_5410.heic\"><img decoding=\"async\" class=\"aligncenter size-full wp-image-14704\" src=\"https:\/\/agora.xtec.cat\/escolalavilapalamos\/wp-content\/uploads\/usu897\/2024\/06\/IMG_5410.heic\" alt=\"\" \/><\/a><\/p>\n<p>&nbsp;<\/p>\n<p><a href=\"https:\/\/agora.xtec.cat\/escolalavilapalamos\/wp-content\/uploads\/usu897\/2024\/06\/IMG_5410-1.heic\"><img decoding=\"async\" class=\"aligncenter size-full wp-image-14705\" src=\"https:\/\/agora.xtec.cat\/escolalavilapalamos\/wp-content\/uploads\/usu897\/2024\/06\/IMG_5410-1.heic\" alt=\"\" \/><\/a><\/p>\n<p><a href=\"https:\/\/agora.xtec.cat\/escolalavilapalamos\/wp-content\/uploads\/usu897\/2024\/06\/IMG_5410-scaled.jpg\"><img loading=\"lazy\" decoding=\"async\" class=\"wp-image-14708 aligncenter\" src=\"https:\/\/agora.xtec.cat\/escolalavilapalamos\/wp-content\/uploads\/usu897\/2024\/06\/IMG_5410-scaled.jpg\" alt=\"\" width=\"1009\" height=\"399\" srcset=\"https:\/\/agora.xtec.cat\/escolalavilapalamos\/wp-content\/uploads\/usu897\/2024\/06\/IMG_5410-scaled.jpg 2560w, https:\/\/agora.xtec.cat\/escolalavilapalamos\/wp-content\/uploads\/usu897\/2024\/06\/IMG_5410-300x118.jpg 300w, https:\/\/agora.xtec.cat\/escolalavilapalamos\/wp-content\/uploads\/usu897\/2024\/06\/IMG_5410-1024x404.jpg 1024w, https:\/\/agora.xtec.cat\/escolalavilapalamos\/wp-content\/uploads\/usu897\/2024\/06\/IMG_5410-768x303.jpg 768w, https:\/\/agora.xtec.cat\/escolalavilapalamos\/wp-content\/uploads\/usu897\/2024\/06\/IMG_5410-1536x607.jpg 1536w, https:\/\/agora.xtec.cat\/escolalavilapalamos\/wp-content\/uploads\/usu897\/2024\/06\/IMG_5410-2048x809.jpg 2048w\" sizes=\"auto, (max-width: 1009px) 100vw, 1009px\" \/><\/a><\/p>\n<p>&nbsp;<\/p>\n<p>El passat 4 de juny els alumnes de 6\u00e8 varen gaudir de la seva darrera excursi\u00f3 al CosmoCaixa, el museu de la Ci\u00e8ncia de Barcelona. V\u00e0rem fer el taller d&#8217;estrat\u00e8gies dels \u00e9ssers vius, molt relacionat amb el contingut treballat aquest curs. Tamb\u00e9 vam\u00a0visitar el museu que com podreu veure a les fotografies ens va agradar molt.<\/p>\n<p>Cliqueu <a href=\"https:\/\/photos.app.goo.gl\/uHSxSLv5SiwiVRdj6\">aqu\u00ed<\/a> per veure les fotografies.<\/p>\n","protected":false},"excerpt":{"rendered":"<p><a href=\"https:\/\/agora.xtec.cat\/escolalavilapalamos\/wp-content\/uploads\/usu897\/2024\/06\/IMG_5410.heic\"><\/a><br \/>\n&nbsp;<br \/>\n<a href=\"https:\/\/agora.xtec.cat\/escolalavilapalamos\/wp-content\/uploads\/usu897\/2024\/06\/IMG_5410-1.heic\"><\/a><br \/>\n<a href=\"https:\/\/agora.xtec.cat\/escolalavilapalamos\/wp-content\/uploads\/usu897\/2024\/06\/IMG_5410-scaled.jpg\"><\/a><br \/>\n&nbsp;<br \/>\nEl passat 4 de juny els alumnes de 6\u00e8 varen gaudir de la seva darrera excursi\u00f3 al CosmoCaixa, el museu de la Ci\u00e8ncia de Barcelona. V\u00e0rem fer el taller d&#8217;estrat\u00e8gies dels \u00e9ssers vius, molt relacionat amb el contingut treballat aquest curs. Tamb\u00e9&hellip;  <a href=\"https:\/\/agora.xtec.cat\/escolalavilapalamos\/general\/6e-cosmocaixa\/\" title=\"Read 6\u00e8 CosmoCaixa\">Llegeix m\u00e9s\u00bb<\/a><\/p>\n","protected":false},"author":132,"featured_media":0,"comment_status":"open","ping_status":"closed","sticky":false,"template":"","format":"standard","meta":{"_bbp_topic_count":0,"_bbp_reply_count":0,"_bbp_total_topic_count":0,"_bbp_total_reply_count":0,"_bbp_voice_count":0,"_bbp_anonymous_reply_count":0,"_bbp_topic_count_hidden":0,"_bbp_reply_count_hidden":0,"_bbp_forum_subforum_count":0,"footnotes":""},"categories":[128,1,4],"tags":[],"class_list":["post-14703","post","type-post","status-publish","format-standard","hentry","category-comunitat-de-grans","category-general","category-portada"],"post_mailing_queue_ids":[],"_links":{"self":[{"href":"https:\/\/agora.xtec.cat\/escolalavilapalamos\/wp-json\/wp\/v2\/posts\/14703","targetHints":{"allow":["GET"]}}],"collection":[{"href":"https:\/\/agora.xtec.cat\/escolalavilapalamos\/wp-json\/wp\/v2\/posts"}],"about":[{"href":"https:\/\/agora.xtec.cat\/escolalavilapalamos\/wp-json\/wp\/v2\/types\/post"}],"author":[{"embeddable":true,"href":"https:\/\/agora.xtec.cat\/escolalavilapalamos\/wp-json\/wp\/v2\/users\/132"}],"replies":[{"embeddable":true,"href":"https:\/\/agora.xtec.cat\/escolalavilapalamos\/wp-json\/wp\/v2\/comments?post=14703"}],"version-history":[{"count":6,"href":"https:\/\/agora.xtec.cat\/escolalavilapalamos\/wp-json\/wp\/v2\/posts\/14703\/revisions"}],"predecessor-version":[{"id":14714,"href":"https:\/\/agora.xtec.cat\/escolalavilapalamos\/wp-json\/wp\/v2\/posts\/14703\/revisions\/14714"}],"wp:attachment":[{"href":"https:\/\/agora.xtec.cat\/escolalavilapalamos\/wp-json\/wp\/v2\/media?parent=14703"}],"wp:term":[{"taxonomy":"category","embeddable":true,"href":"https:\/\/agora.xtec.cat\/escolalavilapalamos\/wp-json\/wp\/v2\/categories?post=14703"},{"taxonomy":"post_tag","embeddable":true,"href":"https:\/\/agora.xtec.cat\/escolalavilapalamos\/wp-json\/wp\/v2\/tags?post=14703"}],"curies":[{"name":"wp","href":"https:\/\/api.w.org\/{rel}","templated":true}]}}