{"id":14688,"date":"2024-06-07T10:36:41","date_gmt":"2024-06-07T08:36:41","guid":{"rendered":"https:\/\/agora.xtec.cat\/escolalavilapalamos\/?p=14688"},"modified":"2024-06-07T10:36:41","modified_gmt":"2024-06-07T08:36:41","slug":"colonies-a-la-talaia-4t-i-5e","status":"publish","type":"post","link":"https:\/\/agora.xtec.cat\/escolalavilapalamos\/general\/colonies-a-la-talaia-4t-i-5e\/","title":{"rendered":"Col\u00f2nies a la Talaia 4t i 5\u00e8"},"content":{"rendered":"<p>Aquesta setmana, els dies 3 i 4 de juny, la mainada de 4t i 5\u00e8 hem anat de col\u00f2nies a la Talaia (Cass\u00e0 de la Selva).<\/p>\n<p>La Talaia \u00e9s una casa de col\u00f2nies al vell mig de les Gavarres, un entorn privilegiat i amb un espai envoltat de natura. Els alumnes han dormit en tendes de glamping d&#8217;unes 9 persones aproximadament. Entre d&#8217;altres objectius, la Talaia proposa sensibilitzar sobre la natura ecol\u00f2gica, motivar la iniciativa personal o captar l&#8217;atenci\u00f3 dels participants amb propostes engrescadores. Aix\u00ed doncs, han realitzat activitats com orientaci\u00f3, tir amb arc, activitats de natura, clima i sostenibilitat i estona de piscina.<\/p>\n<p>Han estat unes col\u00f2nies molt divertides, on els alumnes s&#8217;han fet responsables de les seves tendes i de l&#8217;espai com\u00fa polivalent.<\/p>\n<p>Moltes gr\u00e0cies, la Talaia, per acollir-nos aquestes col\u00f2nies i fer que hagin estat tan especials!<\/p>\n<p><a href=\"https:\/\/photos.app.goo.gl\/LxSaDY3p1q5Poi3b6\">CLICA<\/a> la imatge per accedir a la galeria de fotos.<\/p>\n<p><a href=\"https:\/\/photos.app.goo.gl\/LxSaDY3p1q5Poi3b6\"><img loading=\"lazy\" decoding=\"async\" class=\"wp-image-14698 alignleft\" src=\"https:\/\/agora.xtec.cat\/escolalavilapalamos\/wp-content\/uploads\/usu897\/2024\/06\/Captura-de-pantalla-2024-06-06-154400-300x211.png\" alt=\"\" width=\"510\" height=\"358\" srcset=\"https:\/\/agora.xtec.cat\/escolalavilapalamos\/wp-content\/uploads\/usu897\/2024\/06\/Captura-de-pantalla-2024-06-06-154400-300x211.png 300w, https:\/\/agora.xtec.cat\/escolalavilapalamos\/wp-content\/uploads\/usu897\/2024\/06\/Captura-de-pantalla-2024-06-06-154400-1024x719.png 1024w, https:\/\/agora.xtec.cat\/escolalavilapalamos\/wp-content\/uploads\/usu897\/2024\/06\/Captura-de-pantalla-2024-06-06-154400-768x539.png 768w, https:\/\/agora.xtec.cat\/escolalavilapalamos\/wp-content\/uploads\/usu897\/2024\/06\/Captura-de-pantalla-2024-06-06-154400.png 1057w\" sizes=\"auto, (max-width: 510px) 100vw, 510px\" \/><\/a><\/p>\n<p>&nbsp;<\/p>\n","protected":false},"excerpt":{"rendered":"<p>Aquesta setmana, els dies 3 i 4 de juny, la mainada de 4t i 5\u00e8 hem anat de col\u00f2nies a la Talaia (Cass\u00e0 de la Selva).<br \/>\nLa Talaia \u00e9s una casa de col\u00f2nies al vell mig de les Gavarres, un entorn privilegiat i amb un espai&hellip;  <a href=\"https:\/\/agora.xtec.cat\/escolalavilapalamos\/general\/colonies-a-la-talaia-4t-i-5e\/\" title=\"Read Col\u00f2nies a la Talaia 4t i 5\u00e8\">Llegeix m\u00e9s\u00bb<\/a><\/p>\n","protected":false},"author":132,"featured_media":0,"comment_status":"closed","ping_status":"closed","sticky":false,"template":"","format":"standard","meta":{"_bbp_topic_count":0,"_bbp_reply_count":0,"_bbp_total_topic_count":0,"_bbp_total_reply_count":0,"_bbp_voice_count":0,"_bbp_anonymous_reply_count":0,"_bbp_topic_count_hidden":0,"_bbp_reply_count_hidden":0,"_bbp_forum_subforum_count":0,"footnotes":""},"categories":[128,1,4,5],"tags":[],"class_list":["post-14688","post","type-post","status-publish","format-standard","hentry","category-comunitat-de-grans","category-general","category-portada","category-primaria"],"post_mailing_queue_ids":[],"_links":{"self":[{"href":"https:\/\/agora.xtec.cat\/escolalavilapalamos\/wp-json\/wp\/v2\/posts\/14688","targetHints":{"allow":["GET"]}}],"collection":[{"href":"https:\/\/agora.xtec.cat\/escolalavilapalamos\/wp-json\/wp\/v2\/posts"}],"about":[{"href":"https:\/\/agora.xtec.cat\/escolalavilapalamos\/wp-json\/wp\/v2\/types\/post"}],"author":[{"embeddable":true,"href":"https:\/\/agora.xtec.cat\/escolalavilapalamos\/wp-json\/wp\/v2\/users\/132"}],"replies":[{"embeddable":true,"href":"https:\/\/agora.xtec.cat\/escolalavilapalamos\/wp-json\/wp\/v2\/comments?post=14688"}],"version-history":[{"count":5,"href":"https:\/\/agora.xtec.cat\/escolalavilapalamos\/wp-json\/wp\/v2\/posts\/14688\/revisions"}],"predecessor-version":[{"id":14702,"href":"https:\/\/agora.xtec.cat\/escolalavilapalamos\/wp-json\/wp\/v2\/posts\/14688\/revisions\/14702"}],"wp:attachment":[{"href":"https:\/\/agora.xtec.cat\/escolalavilapalamos\/wp-json\/wp\/v2\/media?parent=14688"}],"wp:term":[{"taxonomy":"category","embeddable":true,"href":"https:\/\/agora.xtec.cat\/escolalavilapalamos\/wp-json\/wp\/v2\/categories?post=14688"},{"taxonomy":"post_tag","embeddable":true,"href":"https:\/\/agora.xtec.cat\/escolalavilapalamos\/wp-json\/wp\/v2\/tags?post=14688"}],"curies":[{"name":"wp","href":"https:\/\/api.w.org\/{rel}","templated":true}]}}