{"id":14677,"date":"2024-06-04T08:50:00","date_gmt":"2024-06-04T06:50:00","guid":{"rendered":"https:\/\/agora.xtec.cat\/escolalavilapalamos\/?p=14677"},"modified":"2024-06-10T09:32:03","modified_gmt":"2024-06-10T07:32:03","slug":"noticies-del-viatge-de-6e","status":"publish","type":"post","link":"https:\/\/agora.xtec.cat\/escolalavilapalamos\/general\/noticies-del-viatge-de-6e\/","title":{"rendered":"Not\u00edcies del viatge de 6\u00e8."},"content":{"rendered":"<p><a href=\"https:\/\/agora.xtec.cat\/escolalavilapalamos\/wp-content\/uploads\/usu897\/2024\/06\/Captura-de-pantalla-2024-06-03-171218.png\"><img loading=\"lazy\" decoding=\"async\" class=\"wp-image-14680 alignleft\" src=\"https:\/\/agora.xtec.cat\/escolalavilapalamos\/wp-content\/uploads\/usu897\/2024\/06\/Captura-de-pantalla-2024-06-03-171218-209x300.png\" alt=\"\" width=\"127\" height=\"182\" srcset=\"https:\/\/agora.xtec.cat\/escolalavilapalamos\/wp-content\/uploads\/usu897\/2024\/06\/Captura-de-pantalla-2024-06-03-171218-209x300.png 209w, https:\/\/agora.xtec.cat\/escolalavilapalamos\/wp-content\/uploads\/usu897\/2024\/06\/Captura-de-pantalla-2024-06-03-171218.png 484w\" sizes=\"auto, (max-width: 127px) 100vw, 127px\" \/><\/a>Els dies 15, 16 i 17 de maig els alumnes de 6\u00e8 han fet el seu viatge a Coma-ruga, al c\u00e0mping\u00a0Vendrell-platja, on han pogut gaudir dels seus espais, de la piscina i d&#8217;activitats diverses i,\u00a0no cal dir-ho, del\u00a0tan\u00a0esperat dia a PortAventura. A continuaci\u00f3 teniu un enlla\u00e7 on podreu veure totes les fotografies del viatge i un altre enlla\u00e7 on els alumnes us expliquen com ha estat el seu viatge en format not\u00edcia.<\/p>\n<p style=\"text-align: center;\"><a href=\"https:\/\/drive.google.com\/drive\/folders\/1pMSUdDL-TW91gtfEIRTCjBIHv25fEe-I?usp=drive_link\">Not\u00edcies alumnes de 6\u00e8<\/a><\/p>\n<p style=\"text-align: center;\"><a href=\"https:\/\/photos.app.goo.gl\/B2endyR2nXDVKr9VA\">Fotografies.\u00a0<\/a><\/p>\n<p>&nbsp;<\/p>\n","protected":false},"excerpt":{"rendered":"<p><a href=\"https:\/\/agora.xtec.cat\/escolalavilapalamos\/wp-content\/uploads\/usu897\/2024\/06\/Captura-de-pantalla-2024-06-03-171218.png\"><\/a>Els dies 15, 16 i 17 de maig els alumnes de 6\u00e8 han fet el seu viatge a Coma-ruga, al c\u00e0mping\u00a0Vendrell-platja, on han pogut gaudir dels seus espais, de la piscina i d&#8217;activitats diverses i,\u00a0no cal dir-ho, del\u00a0tan\u00a0esperat dia a PortAventura. A continuaci\u00f3 teniu&hellip;  <a href=\"https:\/\/agora.xtec.cat\/escolalavilapalamos\/general\/noticies-del-viatge-de-6e\/\" title=\"Read Not\u00edcies del viatge de 6\u00e8.\">Llegeix m\u00e9s\u00bb<\/a><\/p>\n","protected":false},"author":132,"featured_media":0,"comment_status":"open","ping_status":"closed","sticky":false,"template":"","format":"standard","meta":{"_bbp_topic_count":0,"_bbp_reply_count":0,"_bbp_total_topic_count":0,"_bbp_total_reply_count":0,"_bbp_voice_count":0,"_bbp_anonymous_reply_count":0,"_bbp_topic_count_hidden":0,"_bbp_reply_count_hidden":0,"_bbp_forum_subforum_count":0,"footnotes":""},"categories":[128,1,4],"tags":[],"class_list":["post-14677","post","type-post","status-publish","format-standard","hentry","category-comunitat-de-grans","category-general","category-portada"],"post_mailing_queue_ids":[],"_links":{"self":[{"href":"https:\/\/agora.xtec.cat\/escolalavilapalamos\/wp-json\/wp\/v2\/posts\/14677","targetHints":{"allow":["GET"]}}],"collection":[{"href":"https:\/\/agora.xtec.cat\/escolalavilapalamos\/wp-json\/wp\/v2\/posts"}],"about":[{"href":"https:\/\/agora.xtec.cat\/escolalavilapalamos\/wp-json\/wp\/v2\/types\/post"}],"author":[{"embeddable":true,"href":"https:\/\/agora.xtec.cat\/escolalavilapalamos\/wp-json\/wp\/v2\/users\/132"}],"replies":[{"embeddable":true,"href":"https:\/\/agora.xtec.cat\/escolalavilapalamos\/wp-json\/wp\/v2\/comments?post=14677"}],"version-history":[{"count":5,"href":"https:\/\/agora.xtec.cat\/escolalavilapalamos\/wp-json\/wp\/v2\/posts\/14677\/revisions"}],"predecessor-version":[{"id":14687,"href":"https:\/\/agora.xtec.cat\/escolalavilapalamos\/wp-json\/wp\/v2\/posts\/14677\/revisions\/14687"}],"wp:attachment":[{"href":"https:\/\/agora.xtec.cat\/escolalavilapalamos\/wp-json\/wp\/v2\/media?parent=14677"}],"wp:term":[{"taxonomy":"category","embeddable":true,"href":"https:\/\/agora.xtec.cat\/escolalavilapalamos\/wp-json\/wp\/v2\/categories?post=14677"},{"taxonomy":"post_tag","embeddable":true,"href":"https:\/\/agora.xtec.cat\/escolalavilapalamos\/wp-json\/wp\/v2\/tags?post=14677"}],"curies":[{"name":"wp","href":"https:\/\/api.w.org\/{rel}","templated":true}]}}