{"id":14670,"date":"2024-05-31T15:58:19","date_gmt":"2024-05-31T13:58:19","guid":{"rendered":"https:\/\/agora.xtec.cat\/escolalavilapalamos\/?p=14670"},"modified":"2024-05-31T15:58:19","modified_gmt":"2024-05-31T13:58:19","slug":"lapbooks-musicals-families-dinstruments","status":"publish","type":"post","link":"https:\/\/agora.xtec.cat\/escolalavilapalamos\/general\/lapbooks-musicals-families-dinstruments\/","title":{"rendered":"Lapbooks musicals: Fam\u00edlies d&#8217;instruments"},"content":{"rendered":"<p>El lapbook \u00e9s una eina did\u00e0ctica art\u00edstica que ajuda a realitzar un recull d&#8217;informaci\u00f3 de forma atractiva per exposar un tema a trav\u00e9s d&#8217;un suport desplegable. Amb els i les alumnes de 5\u00e8 hem treballat les fam\u00edlies d&#8217;instruments a trav\u00e9s d&#8217;aquesta eina. En petits grups, hem dissenyat el nostre lapbook i despr\u00e9s de cercar la informaci\u00f3 necess\u00e0ria hem creat la nostra petita obra d&#8217;art. Una manera diferent d&#8217;aprendre sabers musicals!<\/p>\n<p>Si cliqueu a l&#8217;enlla\u00e7 podreu veure fotografies dels grups i els seus lapbooks.<\/p>\n<p>&nbsp;<\/p>\n<p><a href=\"https:\/\/drive.google.com\/drive\/u\/0\/folders\/1QMzcayuEDiX9G7-HoJ1ZocgAot1GQl6F\">LAPBOOK MUSICAL<\/a><\/p>\n<p><a href=\"https:\/\/agora.xtec.cat\/escolalavilapalamos\/wp-content\/uploads\/usu897\/2024\/05\/WhatsApp-Image-2024-05-30-at-19.05.08.jpeg\"><img loading=\"lazy\" decoding=\"async\" class=\" wp-image-14671 alignleft\" src=\"https:\/\/agora.xtec.cat\/escolalavilapalamos\/wp-content\/uploads\/usu897\/2024\/05\/WhatsApp-Image-2024-05-30-at-19.05.08-300x135.jpeg\" alt=\"\" width=\"382\" height=\"172\" srcset=\"https:\/\/agora.xtec.cat\/escolalavilapalamos\/wp-content\/uploads\/usu897\/2024\/05\/WhatsApp-Image-2024-05-30-at-19.05.08-300x135.jpeg 300w, https:\/\/agora.xtec.cat\/escolalavilapalamos\/wp-content\/uploads\/usu897\/2024\/05\/WhatsApp-Image-2024-05-30-at-19.05.08-1024x461.jpeg 1024w, https:\/\/agora.xtec.cat\/escolalavilapalamos\/wp-content\/uploads\/usu897\/2024\/05\/WhatsApp-Image-2024-05-30-at-19.05.08-768x346.jpeg 768w, https:\/\/agora.xtec.cat\/escolalavilapalamos\/wp-content\/uploads\/usu897\/2024\/05\/WhatsApp-Image-2024-05-30-at-19.05.08-1536x691.jpeg 1536w, https:\/\/agora.xtec.cat\/escolalavilapalamos\/wp-content\/uploads\/usu897\/2024\/05\/WhatsApp-Image-2024-05-30-at-19.05.08.jpeg 1600w\" sizes=\"auto, (max-width: 382px) 100vw, 382px\" \/><\/a><\/p>\n<p>&nbsp;<\/p>\n","protected":false},"excerpt":{"rendered":"<p>El lapbook \u00e9s una eina did\u00e0ctica art\u00edstica que ajuda a realitzar un recull d&#8217;informaci\u00f3 de forma atractiva per exposar un tema a trav\u00e9s d&#8217;un suport desplegable. Amb els i les alumnes de 5\u00e8 hem treballat les fam\u00edlies d&#8217;instruments a trav\u00e9s d&#8217;aquesta eina. En petits grups,&hellip;  <a href=\"https:\/\/agora.xtec.cat\/escolalavilapalamos\/general\/lapbooks-musicals-families-dinstruments\/\" title=\"Read Lapbooks musicals: Fam\u00edlies d&#8217;instruments\">Llegeix m\u00e9s\u00bb<\/a><\/p>\n","protected":false},"author":132,"featured_media":0,"comment_status":"open","ping_status":"closed","sticky":false,"template":"","format":"standard","meta":{"_bbp_topic_count":0,"_bbp_reply_count":0,"_bbp_total_topic_count":0,"_bbp_total_reply_count":0,"_bbp_voice_count":0,"_bbp_anonymous_reply_count":0,"_bbp_topic_count_hidden":0,"_bbp_reply_count_hidden":0,"_bbp_forum_subforum_count":0,"footnotes":""},"categories":[128,1,68,4,5],"tags":[],"class_list":["post-14670","post","type-post","status-publish","format-standard","hentry","category-comunitat-de-grans","category-general","category-musica","category-portada","category-primaria"],"post_mailing_queue_ids":[],"_links":{"self":[{"href":"https:\/\/agora.xtec.cat\/escolalavilapalamos\/wp-json\/wp\/v2\/posts\/14670","targetHints":{"allow":["GET"]}}],"collection":[{"href":"https:\/\/agora.xtec.cat\/escolalavilapalamos\/wp-json\/wp\/v2\/posts"}],"about":[{"href":"https:\/\/agora.xtec.cat\/escolalavilapalamos\/wp-json\/wp\/v2\/types\/post"}],"author":[{"embeddable":true,"href":"https:\/\/agora.xtec.cat\/escolalavilapalamos\/wp-json\/wp\/v2\/users\/132"}],"replies":[{"embeddable":true,"href":"https:\/\/agora.xtec.cat\/escolalavilapalamos\/wp-json\/wp\/v2\/comments?post=14670"}],"version-history":[{"count":2,"href":"https:\/\/agora.xtec.cat\/escolalavilapalamos\/wp-json\/wp\/v2\/posts\/14670\/revisions"}],"predecessor-version":[{"id":14673,"href":"https:\/\/agora.xtec.cat\/escolalavilapalamos\/wp-json\/wp\/v2\/posts\/14670\/revisions\/14673"}],"wp:attachment":[{"href":"https:\/\/agora.xtec.cat\/escolalavilapalamos\/wp-json\/wp\/v2\/media?parent=14670"}],"wp:term":[{"taxonomy":"category","embeddable":true,"href":"https:\/\/agora.xtec.cat\/escolalavilapalamos\/wp-json\/wp\/v2\/categories?post=14670"},{"taxonomy":"post_tag","embeddable":true,"href":"https:\/\/agora.xtec.cat\/escolalavilapalamos\/wp-json\/wp\/v2\/tags?post=14670"}],"curies":[{"name":"wp","href":"https:\/\/api.w.org\/{rel}","templated":true}]}}