{"id":14667,"date":"2024-05-31T17:20:47","date_gmt":"2024-05-31T15:20:47","guid":{"rendered":"https:\/\/agora.xtec.cat\/escolalavilapalamos\/?p=14667"},"modified":"2024-05-31T17:20:47","modified_gmt":"2024-05-31T15:20:47","slug":"ritmes-i-compas-binari","status":"publish","type":"post","link":"https:\/\/agora.xtec.cat\/escolalavilapalamos\/portada\/ritmes-i-compas-binari\/","title":{"rendered":"Ritmes i comp\u00e0s binari"},"content":{"rendered":"<p>A les darreres sessions de m\u00fasica amb els i les alumnes de 1r curs, hem apr\u00e8s noves figures musicals\u00a0 i com les podem combinar per tal de crear ritmes amb el comp\u00e0s binari. A trav\u00e9s de contes, jocs, audici\u00f3 i picar ritmes hem acabat escrivint sobre el\u00a0 paper tot l&#8217;apr\u00e8s. El proper curs continuarem treballant i aprenent m\u00e9s figures musicals.<\/p>\n<p>En el seg\u00fcent enlla\u00e7 podreu veure algunes fotografies de l&#8217;\u00faltima sessi\u00f3 de\u00a0 m\u00fasica.<\/p>\n<p><a href=\"https:\/\/drive.google.com\/drive\/u\/0\/folders\/16PadlmRE0yw37cQERJPTGNVDniKTc6Ns\">Ritmes i comp\u00e0s binari<\/a><\/p>\n<p><img decoding=\"async\" class=\"aligncenter\" src=\"https:\/\/encrypted-tbn0.gstatic.com\/images?q=tbn:ANd9GcSDakRCD5fFrcbxUevr6KeJjkevSWm87KUI7g&amp;s\" alt=\"Comp\u00e1s de 2\/4. Definici\u00f3n, tiempos, ejemplos - Comamusical\" \/><\/p>\n","protected":false},"excerpt":{"rendered":"<p>A les darreres sessions de m\u00fasica amb els i les alumnes de 1r curs, hem apr\u00e8s noves figures musicals\u00a0 i com les podem combinar per tal de crear ritmes amb el comp\u00e0s binari. A trav\u00e9s de contes, jocs, audici\u00f3 i picar ritmes hem acabat escrivint&hellip;  <a href=\"https:\/\/agora.xtec.cat\/escolalavilapalamos\/portada\/ritmes-i-compas-binari\/\" title=\"Read Ritmes i comp\u00e0s binari\">Llegeix m\u00e9s\u00bb<\/a><\/p>\n","protected":false},"author":131,"featured_media":0,"comment_status":"open","ping_status":"closed","sticky":false,"template":"","format":"standard","meta":{"_bbp_topic_count":0,"_bbp_reply_count":0,"_bbp_total_topic_count":0,"_bbp_total_reply_count":0,"_bbp_voice_count":0,"_bbp_anonymous_reply_count":0,"_bbp_topic_count_hidden":0,"_bbp_reply_count_hidden":0,"_bbp_forum_subforum_count":0,"footnotes":""},"categories":[127,68,4],"tags":[],"class_list":["post-14667","post","type-post","status-publish","format-standard","hentry","category-comunitat-de-mitjans","category-musica","category-portada"],"post_mailing_queue_ids":[],"_links":{"self":[{"href":"https:\/\/agora.xtec.cat\/escolalavilapalamos\/wp-json\/wp\/v2\/posts\/14667","targetHints":{"allow":["GET"]}}],"collection":[{"href":"https:\/\/agora.xtec.cat\/escolalavilapalamos\/wp-json\/wp\/v2\/posts"}],"about":[{"href":"https:\/\/agora.xtec.cat\/escolalavilapalamos\/wp-json\/wp\/v2\/types\/post"}],"author":[{"embeddable":true,"href":"https:\/\/agora.xtec.cat\/escolalavilapalamos\/wp-json\/wp\/v2\/users\/131"}],"replies":[{"embeddable":true,"href":"https:\/\/agora.xtec.cat\/escolalavilapalamos\/wp-json\/wp\/v2\/comments?post=14667"}],"version-history":[{"count":3,"href":"https:\/\/agora.xtec.cat\/escolalavilapalamos\/wp-json\/wp\/v2\/posts\/14667\/revisions"}],"predecessor-version":[{"id":14674,"href":"https:\/\/agora.xtec.cat\/escolalavilapalamos\/wp-json\/wp\/v2\/posts\/14667\/revisions\/14674"}],"wp:attachment":[{"href":"https:\/\/agora.xtec.cat\/escolalavilapalamos\/wp-json\/wp\/v2\/media?parent=14667"}],"wp:term":[{"taxonomy":"category","embeddable":true,"href":"https:\/\/agora.xtec.cat\/escolalavilapalamos\/wp-json\/wp\/v2\/categories?post=14667"},{"taxonomy":"post_tag","embeddable":true,"href":"https:\/\/agora.xtec.cat\/escolalavilapalamos\/wp-json\/wp\/v2\/tags?post=14667"}],"curies":[{"name":"wp","href":"https:\/\/api.w.org\/{rel}","templated":true}]}}