{"id":14640,"date":"2024-05-28T18:27:42","date_gmt":"2024-05-28T16:27:42","guid":{"rendered":"https:\/\/agora.xtec.cat\/escolalavilapalamos\/?p=14640"},"modified":"2024-05-28T18:27:42","modified_gmt":"2024-05-28T16:27:42","slug":"23-24-excursio-comunitat-de-petits","status":"publish","type":"post","link":"https:\/\/agora.xtec.cat\/escolalavilapalamos\/general\/23-24-excursio-comunitat-de-petits\/","title":{"rendered":"23-24 EXCURSI\u00d3 COMUNITAT DE PETITS"},"content":{"rendered":"<p><span style=\"font-weight: 400;\">La Comunitat de Petits hem anat d\u2019excursi\u00f3 en autocar, per visitar el Parc Francesc Maci\u00e0 de Malgrat de Mar. Les cares dels infants estan il\u00b7luminades i plenes d\u2019il\u00b7lusi\u00f3, per descobrir una experi\u00e8ncia nova i trencar amb la rutina. <\/span><span style=\"font-weight: 400;\">Aquesta emoci\u00f3 ha estat present tot el dia, quan han pogut gaudir d\u2019espais oberts amb natura, amb infinitat de possibilitats motrius, de joc espontani, de relaci\u00f3 i confian\u00e7a i coneixement d\u2019un mateix per a superar petits reptes. <em><span style=\"color: #99ccff;\">(CLICA IMATGE)<\/span><\/em><\/span><\/p>\n<p><a href=\"https:\/\/youtu.be\/arleENZj0RM\"><img loading=\"lazy\" decoding=\"async\" class=\"aligncenter size-medium wp-image-14641\" src=\"https:\/\/agora.xtec.cat\/escolalavilapalamos\/wp-content\/uploads\/usu897\/2024\/05\/IMG_6455-300x169.jpg\" alt=\"\" width=\"300\" height=\"169\" srcset=\"https:\/\/agora.xtec.cat\/escolalavilapalamos\/wp-content\/uploads\/usu897\/2024\/05\/IMG_6455-300x169.jpg 300w, https:\/\/agora.xtec.cat\/escolalavilapalamos\/wp-content\/uploads\/usu897\/2024\/05\/IMG_6455.jpg 736w\" sizes=\"auto, (max-width: 300px) 100vw, 300px\" \/><\/a><\/p>\n<h6 style=\"text-align: center;\"><span style=\"font-weight: 400;\">Una jornada ben divertida!<\/span><\/h6>\n","protected":false},"excerpt":{"rendered":"<p>La Comunitat de Petits hem anat d\u2019excursi\u00f3 en autocar, per visitar el Parc Francesc Maci\u00e0 de Malgrat de Mar. Les cares dels infants estan il\u00b7luminades i plenes d\u2019il\u00b7lusi\u00f3, per descobrir una experi\u00e8ncia nova i trencar amb la rutina. Aquesta emoci\u00f3 ha estat present tot el&hellip;  <a href=\"https:\/\/agora.xtec.cat\/escolalavilapalamos\/general\/23-24-excursio-comunitat-de-petits\/\" title=\"Read 23-24 EXCURSI\u00d3 COMUNITAT DE PETITS\">Llegeix m\u00e9s\u00bb<\/a><\/p>\n","protected":false},"author":128,"featured_media":14661,"comment_status":"closed","ping_status":"closed","sticky":false,"template":"","format":"standard","meta":{"_bbp_topic_count":0,"_bbp_reply_count":0,"_bbp_total_topic_count":0,"_bbp_total_reply_count":0,"_bbp_voice_count":0,"_bbp_anonymous_reply_count":0,"_bbp_topic_count_hidden":0,"_bbp_reply_count_hidden":0,"_bbp_forum_subforum_count":0,"footnotes":""},"categories":[2,1,4],"tags":[],"class_list":["post-14640","post","type-post","status-publish","format-standard","has-post-thumbnail","hentry","category-infantil","category-general","category-portada"],"post_mailing_queue_ids":[],"_links":{"self":[{"href":"https:\/\/agora.xtec.cat\/escolalavilapalamos\/wp-json\/wp\/v2\/posts\/14640","targetHints":{"allow":["GET"]}}],"collection":[{"href":"https:\/\/agora.xtec.cat\/escolalavilapalamos\/wp-json\/wp\/v2\/posts"}],"about":[{"href":"https:\/\/agora.xtec.cat\/escolalavilapalamos\/wp-json\/wp\/v2\/types\/post"}],"author":[{"embeddable":true,"href":"https:\/\/agora.xtec.cat\/escolalavilapalamos\/wp-json\/wp\/v2\/users\/128"}],"replies":[{"embeddable":true,"href":"https:\/\/agora.xtec.cat\/escolalavilapalamos\/wp-json\/wp\/v2\/comments?post=14640"}],"version-history":[{"count":4,"href":"https:\/\/agora.xtec.cat\/escolalavilapalamos\/wp-json\/wp\/v2\/posts\/14640\/revisions"}],"predecessor-version":[{"id":14662,"href":"https:\/\/agora.xtec.cat\/escolalavilapalamos\/wp-json\/wp\/v2\/posts\/14640\/revisions\/14662"}],"wp:featuredmedia":[{"embeddable":true,"href":"https:\/\/agora.xtec.cat\/escolalavilapalamos\/wp-json\/wp\/v2\/media\/14661"}],"wp:attachment":[{"href":"https:\/\/agora.xtec.cat\/escolalavilapalamos\/wp-json\/wp\/v2\/media?parent=14640"}],"wp:term":[{"taxonomy":"category","embeddable":true,"href":"https:\/\/agora.xtec.cat\/escolalavilapalamos\/wp-json\/wp\/v2\/categories?post=14640"},{"taxonomy":"post_tag","embeddable":true,"href":"https:\/\/agora.xtec.cat\/escolalavilapalamos\/wp-json\/wp\/v2\/tags?post=14640"}],"curies":[{"name":"wp","href":"https:\/\/api.w.org\/{rel}","templated":true}]}}