{"id":14633,"date":"2024-05-17T17:06:17","date_gmt":"2024-05-17T15:06:17","guid":{"rendered":"https:\/\/agora.xtec.cat\/escolalavilapalamos\/?p=14633"},"modified":"2024-05-17T17:08:15","modified_gmt":"2024-05-17T15:08:15","slug":"comite-verd","status":"publish","type":"post","link":"https:\/\/agora.xtec.cat\/escolalavilapalamos\/general\/comite-verd\/","title":{"rendered":"Comit\u00e8 Verd: Vilaverds!"},"content":{"rendered":"<p><a href=\"https:\/\/agora.xtec.cat\/escolalavilapalamos\/wp-content\/uploads\/usu897\/2024\/05\/PXL_20240202_091729402.jpg\"><img loading=\"lazy\" decoding=\"async\" class=\"alignleft wp-image-14634\" src=\"https:\/\/agora.xtec.cat\/escolalavilapalamos\/wp-content\/uploads\/usu897\/2024\/05\/PXL_20240202_091729402.jpg\" alt=\"\" width=\"663\" height=\"373\" srcset=\"https:\/\/agora.xtec.cat\/escolalavilapalamos\/wp-content\/uploads\/usu897\/2024\/05\/PXL_20240202_091729402.jpg 640w, https:\/\/agora.xtec.cat\/escolalavilapalamos\/wp-content\/uploads\/usu897\/2024\/05\/PXL_20240202_091729402-300x169.jpg 300w\" sizes=\"auto, (max-width: 663px) 100vw, 663px\" \/><\/a><\/p>\n<p>Aquest any a l&#8217;Escola hem creat el Comit\u00e8 Verd, els <strong>Vilaverds<\/strong>!<\/p>\n<p>Els\u00a0 Vilaverds s\u00f3n un grup representant de nens i nenes de 3r a 6\u00e8 que realitzen diferents accions per tal que la nostra escola sigui m\u00e9s sostenible. Per ara, hem redu\u00eft el consum d&#8217;aigua col\u00b7locant brides a les aixetes i ficant ampolles plenes de sorra dins de les cisternes. D&#8217;aquesta manera redu\u00efm la quantitat d&#8217;aigua quan tirem la cadena.<\/p>\n<p>Aquest curs farem <strong>dues sortides<\/strong>:<\/p>\n<p>1. Divendres <strong>24 de maig<\/strong> participem en el <strong>f\u00f2rum del Baix Empord\u00e0<\/strong> d&#8217;Escola Verda al pavell\u00f3 de Sant Antoni de Calonge.<\/p>\n<p>2. Divendres <strong>7 de juny<\/strong> anirem a Sant Fruit\u00f3s del Bages a la <strong>25a festa de les Escoles Verdes<\/strong>. All\u00e0 ens donaran el distintiu, perqu\u00e8 el curs vinent serem oficialment Escola Verda!<\/p>\n<p>Conv\u00e9 felicitar els Vilaverds perqu\u00e8 estan molt motivats i motivades per tirar endavant aquest comit\u00e8!<\/p>\n<p>&nbsp;<\/p>\n","protected":false},"excerpt":{"rendered":"<p><a href=\"https:\/\/agora.xtec.cat\/escolalavilapalamos\/wp-content\/uploads\/usu897\/2024\/05\/PXL_20240202_091729402.jpg\"><\/a><br \/>\nAquest any a l&#8217;Escola hem creat el Comit\u00e8 Verd, els Vilaverds!<br \/>\nEls\u00a0 Vilaverds s\u00f3n un grup representant de nens i nenes de 3r a 6\u00e8 que realitzen diferents accions per tal que la nostra escola sigui m\u00e9s sostenible. Per ara, hem redu\u00eft el consum d&#8217;aigua&hellip;  <a href=\"https:\/\/agora.xtec.cat\/escolalavilapalamos\/general\/comite-verd\/\" title=\"Read Comit\u00e8 Verd: Vilaverds!\">Llegeix m\u00e9s\u00bb<\/a><\/p>\n","protected":false},"author":1,"featured_media":0,"comment_status":"open","ping_status":"closed","sticky":false,"template":"","format":"standard","meta":{"_bbp_topic_count":0,"_bbp_reply_count":0,"_bbp_total_topic_count":0,"_bbp_total_reply_count":0,"_bbp_voice_count":0,"_bbp_anonymous_reply_count":0,"_bbp_topic_count_hidden":0,"_bbp_reply_count_hidden":0,"_bbp_forum_subforum_count":0,"footnotes":""},"categories":[128,127,2,1,4,5],"tags":[],"class_list":["post-14633","post","type-post","status-publish","format-standard","hentry","category-comunitat-de-grans","category-comunitat-de-mitjans","category-infantil","category-general","category-portada","category-primaria"],"post_mailing_queue_ids":[],"_links":{"self":[{"href":"https:\/\/agora.xtec.cat\/escolalavilapalamos\/wp-json\/wp\/v2\/posts\/14633","targetHints":{"allow":["GET"]}}],"collection":[{"href":"https:\/\/agora.xtec.cat\/escolalavilapalamos\/wp-json\/wp\/v2\/posts"}],"about":[{"href":"https:\/\/agora.xtec.cat\/escolalavilapalamos\/wp-json\/wp\/v2\/types\/post"}],"author":[{"embeddable":true,"href":"https:\/\/agora.xtec.cat\/escolalavilapalamos\/wp-json\/wp\/v2\/users\/1"}],"replies":[{"embeddable":true,"href":"https:\/\/agora.xtec.cat\/escolalavilapalamos\/wp-json\/wp\/v2\/comments?post=14633"}],"version-history":[{"count":5,"href":"https:\/\/agora.xtec.cat\/escolalavilapalamos\/wp-json\/wp\/v2\/posts\/14633\/revisions"}],"predecessor-version":[{"id":14639,"href":"https:\/\/agora.xtec.cat\/escolalavilapalamos\/wp-json\/wp\/v2\/posts\/14633\/revisions\/14639"}],"wp:attachment":[{"href":"https:\/\/agora.xtec.cat\/escolalavilapalamos\/wp-json\/wp\/v2\/media?parent=14633"}],"wp:term":[{"taxonomy":"category","embeddable":true,"href":"https:\/\/agora.xtec.cat\/escolalavilapalamos\/wp-json\/wp\/v2\/categories?post=14633"},{"taxonomy":"post_tag","embeddable":true,"href":"https:\/\/agora.xtec.cat\/escolalavilapalamos\/wp-json\/wp\/v2\/tags?post=14633"}],"curies":[{"name":"wp","href":"https:\/\/api.w.org\/{rel}","templated":true}]}}