{"id":14623,"date":"2024-05-17T16:43:48","date_gmt":"2024-05-17T14:43:48","guid":{"rendered":"https:\/\/agora.xtec.cat\/escolalavilapalamos\/?p=14623"},"modified":"2024-05-17T16:49:45","modified_gmt":"2024-05-17T14:49:45","slug":"tercer-anem-dexcursio-al-castell-gala-dali-de-pubol","status":"publish","type":"post","link":"https:\/\/agora.xtec.cat\/escolalavilapalamos\/general\/tercer-anem-dexcursio-al-castell-gala-dali-de-pubol\/","title":{"rendered":"Tercer anem d&#8217;excursi\u00f3 al castell Gala-Dal\u00ed de P\u00fabol"},"content":{"rendered":"<p>El dimarts 12 de maig els i les alumnes de tercer vam anar d\u2019excursi\u00f3 a P\u00fabol a visitar el castell Gala-Dal\u00ed.<\/p>\n<p>Aquest trimestre hem estat treballant a les classes d&#8217;art la vida i l&#8217;obra de Salvador Dal\u00ed i ten\u00edem moltes ganes d&#8217;anar a P\u00fabol.<\/p>\n<p>Va ser una sortida una mica passada per aigua, per\u00f2 vam gaudir molt coneixent el castell que Dal\u00ed li va regalar a la seva estimada Gala i on va viure els \u00faltims anys de la seva vida.<\/p>\n<p>Tota una experi\u00e8ncia que no oblidarem!<\/p>\n<p>En el seg\u00fcent <a href=\"https:\/\/photos.app.goo.gl\/kwuaB6Rp3xnd9PtN9\">enlla\u00e7<\/a>\u00a0 podeu veure les fotos:<br \/>\n<a href=\"https:\/\/agora.xtec.cat\/escolalavilapalamos\/wp-content\/uploads\/usu897\/2024\/05\/IMG_20240514_104810.jpg\"><img loading=\"lazy\" decoding=\"async\" class=\"size-full wp-image-14627 aligncenter\" src=\"https:\/\/agora.xtec.cat\/escolalavilapalamos\/wp-content\/uploads\/usu897\/2024\/05\/IMG_20240514_104810.jpg\" alt=\"\" width=\"640\" height=\"480\" srcset=\"https:\/\/agora.xtec.cat\/escolalavilapalamos\/wp-content\/uploads\/usu897\/2024\/05\/IMG_20240514_104810.jpg 640w, https:\/\/agora.xtec.cat\/escolalavilapalamos\/wp-content\/uploads\/usu897\/2024\/05\/IMG_20240514_104810-300x225.jpg 300w, https:\/\/agora.xtec.cat\/escolalavilapalamos\/wp-content\/uploads\/usu897\/2024\/05\/IMG_20240514_104810-200x150.jpg 200w\" sizes=\"auto, (max-width: 640px) 100vw, 640px\" \/><\/a><\/p>\n","protected":false},"excerpt":{"rendered":"<p>El dimarts 12 de maig els i les alumnes de tercer vam anar d\u2019excursi\u00f3 a P\u00fabol a visitar el castell Gala-Dal\u00ed.<br \/>\nAquest trimestre hem estat treballant a les classes d&#8217;art la vida i l&#8217;obra de Salvador Dal\u00ed i ten\u00edem moltes ganes d&#8217;anar a P\u00fabol.<br \/>\nVa ser una&hellip;  <a href=\"https:\/\/agora.xtec.cat\/escolalavilapalamos\/general\/tercer-anem-dexcursio-al-castell-gala-dali-de-pubol\/\" title=\"Read Tercer anem d&#8217;excursi\u00f3 al castell Gala-Dal\u00ed de P\u00fabol\">Llegeix m\u00e9s\u00bb<\/a><\/p>\n","protected":false},"author":131,"featured_media":0,"comment_status":"open","ping_status":"closed","sticky":false,"template":"","format":"standard","meta":{"_bbp_topic_count":0,"_bbp_reply_count":0,"_bbp_total_topic_count":0,"_bbp_total_reply_count":0,"_bbp_voice_count":0,"_bbp_anonymous_reply_count":0,"_bbp_topic_count_hidden":0,"_bbp_reply_count_hidden":0,"_bbp_forum_subforum_count":0,"footnotes":""},"categories":[127,1,4],"tags":[],"class_list":["post-14623","post","type-post","status-publish","format-standard","hentry","category-comunitat-de-mitjans","category-general","category-portada"],"post_mailing_queue_ids":[],"_links":{"self":[{"href":"https:\/\/agora.xtec.cat\/escolalavilapalamos\/wp-json\/wp\/v2\/posts\/14623","targetHints":{"allow":["GET"]}}],"collection":[{"href":"https:\/\/agora.xtec.cat\/escolalavilapalamos\/wp-json\/wp\/v2\/posts"}],"about":[{"href":"https:\/\/agora.xtec.cat\/escolalavilapalamos\/wp-json\/wp\/v2\/types\/post"}],"author":[{"embeddable":true,"href":"https:\/\/agora.xtec.cat\/escolalavilapalamos\/wp-json\/wp\/v2\/users\/131"}],"replies":[{"embeddable":true,"href":"https:\/\/agora.xtec.cat\/escolalavilapalamos\/wp-json\/wp\/v2\/comments?post=14623"}],"version-history":[{"count":3,"href":"https:\/\/agora.xtec.cat\/escolalavilapalamos\/wp-json\/wp\/v2\/posts\/14623\/revisions"}],"predecessor-version":[{"id":14628,"href":"https:\/\/agora.xtec.cat\/escolalavilapalamos\/wp-json\/wp\/v2\/posts\/14623\/revisions\/14628"}],"wp:attachment":[{"href":"https:\/\/agora.xtec.cat\/escolalavilapalamos\/wp-json\/wp\/v2\/media?parent=14623"}],"wp:term":[{"taxonomy":"category","embeddable":true,"href":"https:\/\/agora.xtec.cat\/escolalavilapalamos\/wp-json\/wp\/v2\/categories?post=14623"},{"taxonomy":"post_tag","embeddable":true,"href":"https:\/\/agora.xtec.cat\/escolalavilapalamos\/wp-json\/wp\/v2\/tags?post=14623"}],"curies":[{"name":"wp","href":"https:\/\/api.w.org\/{rel}","templated":true}]}}