{"id":14617,"date":"2024-05-17T16:46:11","date_gmt":"2024-05-17T14:46:11","guid":{"rendered":"https:\/\/agora.xtec.cat\/escolalavilapalamos\/?p=14617"},"modified":"2024-05-17T16:56:16","modified_gmt":"2024-05-17T14:56:16","slug":"fem-una-maqueta-del-poble","status":"publish","type":"post","link":"https:\/\/agora.xtec.cat\/escolalavilapalamos\/portada\/fem-una-maqueta-del-poble\/","title":{"rendered":"2n Fem una  maqueta del poble"},"content":{"rendered":"<p>Aquest trimestre l&#8217;alumnat de segon hem estat treballant Palam\u00f3s.<\/p>\n<p>Ens\u00a0hem\u00a0adonat\u00a0de\u00a0la import\u00e0ncia\u00a0que t\u00e9 con\u00e8ixer la seva hist\u00f2ria, edificis importants, llegendes, llocs, etc.<\/p>\n<p>Dins del projecte hem fet sortides per l&#8217;entorn, hem treballat el pl\u00e0nol de la vila ubicant-hi diferents llocs d&#8217;inter\u00e8s, etc.<\/p>\n<p>Una\u00a0de les activitats que m\u00e9s ens ha engrescat ha sigut fer una maqueta del municipi on tots hi hem pogut col\u00b7laborar fent cases, edificis, la platja, l&#8217;escola, mobiliari urb\u00e0, cotxes, senyals\u00a0de tr\u00e0nsit, etc. i que ens ha servit per veure que el treball en equip ha sigut imprescindible per assolir l&#8217;objectiu que ens hav\u00edem proposat.<\/p>\n<p>Aquest projecte ha estat una experi\u00e8ncia molt enriquidora que ha fet cr\u00e9ixer el nostre sentiment de pertinen\u00e7a a Palam\u00f3s.<\/p>\n<p>Per veure qu\u00e8 anem fent, cliqueu aqu\u00ed:<\/p>\n<p><a href=\"https:\/\/photos.app.goo.gl\/7s7ANBWpVKc1EmZ89\">DESCOBRINT PALAM\u00d3S<\/a><\/p>\n<p><a href=\"https:\/\/agora.xtec.cat\/escolalavilapalamos\/wp-content\/uploads\/usu897\/2024\/05\/IMG_7532-scaled.jpg\"><img loading=\"lazy\" decoding=\"async\" class=\"wp-image-14630 aligncenter\" src=\"https:\/\/agora.xtec.cat\/escolalavilapalamos\/wp-content\/uploads\/usu897\/2024\/05\/IMG_7532-scaled.jpg\" alt=\"\" width=\"377\" height=\"503\" srcset=\"https:\/\/agora.xtec.cat\/escolalavilapalamos\/wp-content\/uploads\/usu897\/2024\/05\/IMG_7532-scaled.jpg 1920w, https:\/\/agora.xtec.cat\/escolalavilapalamos\/wp-content\/uploads\/usu897\/2024\/05\/IMG_7532-225x300.jpg 225w, https:\/\/agora.xtec.cat\/escolalavilapalamos\/wp-content\/uploads\/usu897\/2024\/05\/IMG_7532-768x1024.jpg 768w, https:\/\/agora.xtec.cat\/escolalavilapalamos\/wp-content\/uploads\/usu897\/2024\/05\/IMG_7532-1152x1536.jpg 1152w, https:\/\/agora.xtec.cat\/escolalavilapalamos\/wp-content\/uploads\/usu897\/2024\/05\/IMG_7532-1536x2048.jpg 1536w\" sizes=\"auto, (max-width: 377px) 100vw, 377px\" \/><\/a><\/p>\n<p>&nbsp;<\/p>\n<div><\/div>\n<div><\/div>\n","protected":false},"excerpt":{"rendered":"<p>Aquest trimestre l&#8217;alumnat de segon hem estat treballant Palam\u00f3s.<br \/>\nEns\u00a0hem\u00a0adonat\u00a0de\u00a0la import\u00e0ncia\u00a0que t\u00e9 con\u00e8ixer la seva hist\u00f2ria, edificis importants, llegendes, llocs, etc.<br \/>\nDins del projecte hem fet sortides per l&#8217;entorn, hem treballat el pl\u00e0nol de la vila ubicant-hi diferents llocs d&#8217;inter\u00e8s, etc.<br \/>\nUna\u00a0de les activitats que m\u00e9s ens ha&hellip;  <a href=\"https:\/\/agora.xtec.cat\/escolalavilapalamos\/portada\/fem-una-maqueta-del-poble\/\" title=\"Read 2n Fem una  maqueta del poble\">Llegeix m\u00e9s\u00bb<\/a><\/p>\n","protected":false},"author":131,"featured_media":14618,"comment_status":"open","ping_status":"closed","sticky":false,"template":"","format":"standard","meta":{"_bbp_topic_count":0,"_bbp_reply_count":0,"_bbp_total_topic_count":0,"_bbp_total_reply_count":0,"_bbp_voice_count":0,"_bbp_anonymous_reply_count":0,"_bbp_topic_count_hidden":0,"_bbp_reply_count_hidden":0,"_bbp_forum_subforum_count":0,"footnotes":""},"categories":[127,4],"tags":[],"class_list":["post-14617","post","type-post","status-publish","format-standard","has-post-thumbnail","hentry","category-comunitat-de-mitjans","category-portada"],"post_mailing_queue_ids":[],"_links":{"self":[{"href":"https:\/\/agora.xtec.cat\/escolalavilapalamos\/wp-json\/wp\/v2\/posts\/14617","targetHints":{"allow":["GET"]}}],"collection":[{"href":"https:\/\/agora.xtec.cat\/escolalavilapalamos\/wp-json\/wp\/v2\/posts"}],"about":[{"href":"https:\/\/agora.xtec.cat\/escolalavilapalamos\/wp-json\/wp\/v2\/types\/post"}],"author":[{"embeddable":true,"href":"https:\/\/agora.xtec.cat\/escolalavilapalamos\/wp-json\/wp\/v2\/users\/131"}],"replies":[{"embeddable":true,"href":"https:\/\/agora.xtec.cat\/escolalavilapalamos\/wp-json\/wp\/v2\/comments?post=14617"}],"version-history":[{"count":3,"href":"https:\/\/agora.xtec.cat\/escolalavilapalamos\/wp-json\/wp\/v2\/posts\/14617\/revisions"}],"predecessor-version":[{"id":14632,"href":"https:\/\/agora.xtec.cat\/escolalavilapalamos\/wp-json\/wp\/v2\/posts\/14617\/revisions\/14632"}],"wp:featuredmedia":[{"embeddable":true,"href":"https:\/\/agora.xtec.cat\/escolalavilapalamos\/wp-json\/wp\/v2\/media\/14618"}],"wp:attachment":[{"href":"https:\/\/agora.xtec.cat\/escolalavilapalamos\/wp-json\/wp\/v2\/media?parent=14617"}],"wp:term":[{"taxonomy":"category","embeddable":true,"href":"https:\/\/agora.xtec.cat\/escolalavilapalamos\/wp-json\/wp\/v2\/categories?post=14617"},{"taxonomy":"post_tag","embeddable":true,"href":"https:\/\/agora.xtec.cat\/escolalavilapalamos\/wp-json\/wp\/v2\/tags?post=14617"}],"curies":[{"name":"wp","href":"https:\/\/api.w.org\/{rel}","templated":true}]}}