{"id":14593,"date":"2024-04-05T08:00:47","date_gmt":"2024-04-05T06:00:47","guid":{"rendered":"https:\/\/agora.xtec.cat\/escolalavilapalamos\/?p=14593"},"modified":"2024-05-13T12:59:29","modified_gmt":"2024-05-13T10:59:29","slug":"treball-globalitzat-de-1r-llum-i-ombra","status":"publish","type":"post","link":"https:\/\/agora.xtec.cat\/escolalavilapalamos\/general\/treball-globalitzat-de-1r-llum-i-ombra\/","title":{"rendered":"Treball globalitzat de 1r. Llum i ombra"},"content":{"rendered":"<p><strong><img loading=\"lazy\" decoding=\"async\" class=\"alignright wp-image-14601 \" src=\"https:\/\/agora.xtec.cat\/escolalavilapalamos\/wp-content\/uploads\/usu897\/2024\/04\/ombres.jpg\" alt=\"\" width=\"412\" height=\"232\" srcset=\"https:\/\/agora.xtec.cat\/escolalavilapalamos\/wp-content\/uploads\/usu897\/2024\/04\/ombres.jpg 1000w, https:\/\/agora.xtec.cat\/escolalavilapalamos\/wp-content\/uploads\/usu897\/2024\/04\/ombres-300x169.jpg 300w, https:\/\/agora.xtec.cat\/escolalavilapalamos\/wp-content\/uploads\/usu897\/2024\/04\/ombres-768x432.jpg 768w\" sizes=\"auto, (max-width: 412px) 100vw, 412px\" \/>Els nens i nenes de 1r tenim moltes preguntes sobre l&#8217;entorn que ens envolta.<\/strong> \u00c9s per aix\u00f2, que durant el segon trimestre vam voler descobrir qu\u00e8 \u00e9s la llum i l\u2019ombra. Com \u00e9s que apareix?<\/p>\n<p>Les ombres s\u00f3n sempre iguals? Canvien al llarg del dia ? Quan s\u00f3n m\u00e9s curtes, quan s\u00f3n m\u00e9s llargues ? A la nit hi ha ombres ? Tenim un munt de preguntes interessants.<\/p>\n<p>Com ens costava explicar qu\u00e8 \u00e9s, vam sortir al pati de bon mat\u00ed a experimentar amb les ombres! Vam dibuixar les nostres ombres. V\u00e0rem jugar a trepitjar-les; a veure com canviaven quan ens mov\u00edem&#8230;<\/p>\n<p>Vam veure que era una part inseparable del nostre cos i dels objectes. Podien ser rodones, allargades, gruixudes, primes\u2026 Tamb\u00e9 les vam fer desapar\u00e8ixer!! Ens v\u00e0rem col\u00b7locar a una zona on no tocava el Sol i tots vam estar d\u2019acord: <em>\u201csi no hi ha Sol, no hi ha ombra!\u201d<\/em> Aix\u00f2 ens va obrir el cam\u00ed per seguir parlant en els seg\u00fcents dies de la Terra, de la Lluna i del Sol.<\/p>\n<p>Aquesta activitat forma part del <strong>recorregut cient\u00edfic sobre astronomia. Fem hip\u00f2tesis, ho comprovem, experimentem, intentem respondre-ho, en treiem conclusions, establim paral\u00b7lelismes amb altres fets&#8230; tot dins el m\u00e8tode cient\u00edfic de l&#8217;aprenentatge. <\/strong><\/p>\n<p>Per veure les imatges de l&#8217;activitat <a href=\"https:\/\/photos.app.goo.gl\/AhAHd2jD8S5txzvd6\">cliqueu aqu\u00ed.<\/a><\/p>\n","protected":false},"excerpt":{"rendered":"<p>Els nens i nenes de 1r tenim moltes preguntes sobre l&#8217;entorn que ens envolta. \u00c9s per aix\u00f2, que durant el segon trimestre vam voler descobrir qu\u00e8 \u00e9s la llum i l\u2019ombra. Com \u00e9s que apareix?<br \/>\nLes ombres s\u00f3n sempre iguals? Canvien al llarg del dia ?&hellip;  <a href=\"https:\/\/agora.xtec.cat\/escolalavilapalamos\/general\/treball-globalitzat-de-1r-llum-i-ombra\/\" title=\"Read Treball globalitzat de 1r. Llum i ombra\">Llegeix m\u00e9s\u00bb<\/a><\/p>\n","protected":false},"author":1,"featured_media":0,"comment_status":"open","ping_status":"closed","sticky":false,"template":"","format":"standard","meta":{"_bbp_topic_count":0,"_bbp_reply_count":0,"_bbp_total_topic_count":0,"_bbp_total_reply_count":0,"_bbp_voice_count":0,"_bbp_anonymous_reply_count":0,"_bbp_topic_count_hidden":0,"_bbp_reply_count_hidden":0,"_bbp_forum_subforum_count":0,"footnotes":""},"categories":[127,1,4,5],"tags":[],"class_list":["post-14593","post","type-post","status-publish","format-standard","hentry","category-comunitat-de-mitjans","category-general","category-portada","category-primaria"],"post_mailing_queue_ids":[],"_links":{"self":[{"href":"https:\/\/agora.xtec.cat\/escolalavilapalamos\/wp-json\/wp\/v2\/posts\/14593","targetHints":{"allow":["GET"]}}],"collection":[{"href":"https:\/\/agora.xtec.cat\/escolalavilapalamos\/wp-json\/wp\/v2\/posts"}],"about":[{"href":"https:\/\/agora.xtec.cat\/escolalavilapalamos\/wp-json\/wp\/v2\/types\/post"}],"author":[{"embeddable":true,"href":"https:\/\/agora.xtec.cat\/escolalavilapalamos\/wp-json\/wp\/v2\/users\/1"}],"replies":[{"embeddable":true,"href":"https:\/\/agora.xtec.cat\/escolalavilapalamos\/wp-json\/wp\/v2\/comments?post=14593"}],"version-history":[{"count":4,"href":"https:\/\/agora.xtec.cat\/escolalavilapalamos\/wp-json\/wp\/v2\/posts\/14593\/revisions"}],"predecessor-version":[{"id":14602,"href":"https:\/\/agora.xtec.cat\/escolalavilapalamos\/wp-json\/wp\/v2\/posts\/14593\/revisions\/14602"}],"wp:attachment":[{"href":"https:\/\/agora.xtec.cat\/escolalavilapalamos\/wp-json\/wp\/v2\/media?parent=14593"}],"wp:term":[{"taxonomy":"category","embeddable":true,"href":"https:\/\/agora.xtec.cat\/escolalavilapalamos\/wp-json\/wp\/v2\/categories?post=14593"},{"taxonomy":"post_tag","embeddable":true,"href":"https:\/\/agora.xtec.cat\/escolalavilapalamos\/wp-json\/wp\/v2\/tags?post=14593"}],"curies":[{"name":"wp","href":"https:\/\/api.w.org\/{rel}","templated":true}]}}