{"id":14561,"date":"2024-04-19T08:00:35","date_gmt":"2024-04-19T06:00:35","guid":{"rendered":"https:\/\/agora.xtec.cat\/escolalavilapalamos\/?p=14561"},"modified":"2024-05-01T18:05:13","modified_gmt":"2024-05-01T16:05:13","slug":"colonies-mitjans-al-poudelglac","status":"publish","type":"post","link":"https:\/\/agora.xtec.cat\/escolalavilapalamos\/general\/colonies-mitjans-al-poudelglac\/","title":{"rendered":"Col\u00f2nies mitjans al Pou del Gla\u00e7 de La Bisbal"},"content":{"rendered":"<p><a href=\"https:\/\/agora.xtec.cat\/escolalavilapalamos\/wp-content\/uploads\/usu897\/2024\/04\/mitjans-rotated.jpg\"><img loading=\"lazy\" decoding=\"async\" class=\"alignright wp-image-14564 \" src=\"https:\/\/agora.xtec.cat\/escolalavilapalamos\/wp-content\/uploads\/usu897\/2024\/04\/mitjans-911x1024.jpg\" alt=\"\" width=\"378\" height=\"425\" srcset=\"https:\/\/agora.xtec.cat\/escolalavilapalamos\/wp-content\/uploads\/usu897\/2024\/04\/mitjans-911x1024.jpg 911w, https:\/\/agora.xtec.cat\/escolalavilapalamos\/wp-content\/uploads\/usu897\/2024\/04\/mitjans-267x300.jpg 267w, https:\/\/agora.xtec.cat\/escolalavilapalamos\/wp-content\/uploads\/usu897\/2024\/04\/mitjans-768x864.jpg 768w, https:\/\/agora.xtec.cat\/escolalavilapalamos\/wp-content\/uploads\/usu897\/2024\/04\/mitjans-1366x1536.jpg 1366w, https:\/\/agora.xtec.cat\/escolalavilapalamos\/wp-content\/uploads\/usu897\/2024\/04\/mitjans-1821x2048.jpg 1821w\" sizes=\"auto, (max-width: 378px) 100vw, 378px\" \/><\/a>Dimecres 17 i dijous 18 d&#8217;abril la comunitat de mitjans vam anar de <strong>col\u00f2nies al Pou del Gla\u00e7 de La Bisbal.<\/strong> Vam fer un munt d&#8217;activitats plegats: el parapent, la tirolina i el circuit al bosc, elaboraci\u00f3 de galetes, art i natura, jocs a la natura&#8230; sense oblidar el joc de nit i la discoteca!<\/p>\n<p>El temps i l&#8217;entorn ens van acompanyar, per\u00f2 el millor de les col\u00f2nies\u00a0 sempre \u00e9s poder compartir temps i viv\u00e8ncies amb els companys i companyes!<\/p>\n<p>Aqu\u00ed us deixem un <a href=\"https:\/\/photos.app.goo.gl\/j5Darw56FmhanQAk9\">recull de fotografies de les col\u00f2nies de mitjans<\/a>.<\/p>\n","protected":false},"excerpt":{"rendered":"<p><a href=\"https:\/\/agora.xtec.cat\/escolalavilapalamos\/wp-content\/uploads\/usu897\/2024\/04\/mitjans-rotated.jpg\"><\/a>Dimecres 17 i dijous 18 d&#8217;abril la comunitat de mitjans vam anar de col\u00f2nies al Pou del Gla\u00e7 de La Bisbal. Vam fer un munt d&#8217;activitats plegats: el parapent, la tirolina i el circuit al bosc, elaboraci\u00f3 de galetes, art i natura, jocs a&hellip;  <a href=\"https:\/\/agora.xtec.cat\/escolalavilapalamos\/general\/colonies-mitjans-al-poudelglac\/\" title=\"Read Col\u00f2nies mitjans al Pou del Gla\u00e7 de La Bisbal\">Llegeix m\u00e9s\u00bb<\/a><\/p>\n","protected":false},"author":1,"featured_media":0,"comment_status":"open","ping_status":"closed","sticky":false,"template":"","format":"standard","meta":{"_bbp_topic_count":0,"_bbp_reply_count":0,"_bbp_total_topic_count":0,"_bbp_total_reply_count":0,"_bbp_voice_count":0,"_bbp_anonymous_reply_count":0,"_bbp_topic_count_hidden":0,"_bbp_reply_count_hidden":0,"_bbp_forum_subforum_count":0,"footnotes":""},"categories":[1,4],"tags":[],"class_list":["post-14561","post","type-post","status-publish","format-standard","hentry","category-general","category-portada"],"post_mailing_queue_ids":[],"_links":{"self":[{"href":"https:\/\/agora.xtec.cat\/escolalavilapalamos\/wp-json\/wp\/v2\/posts\/14561","targetHints":{"allow":["GET"]}}],"collection":[{"href":"https:\/\/agora.xtec.cat\/escolalavilapalamos\/wp-json\/wp\/v2\/posts"}],"about":[{"href":"https:\/\/agora.xtec.cat\/escolalavilapalamos\/wp-json\/wp\/v2\/types\/post"}],"author":[{"embeddable":true,"href":"https:\/\/agora.xtec.cat\/escolalavilapalamos\/wp-json\/wp\/v2\/users\/1"}],"replies":[{"embeddable":true,"href":"https:\/\/agora.xtec.cat\/escolalavilapalamos\/wp-json\/wp\/v2\/comments?post=14561"}],"version-history":[{"count":3,"href":"https:\/\/agora.xtec.cat\/escolalavilapalamos\/wp-json\/wp\/v2\/posts\/14561\/revisions"}],"predecessor-version":[{"id":14565,"href":"https:\/\/agora.xtec.cat\/escolalavilapalamos\/wp-json\/wp\/v2\/posts\/14561\/revisions\/14565"}],"wp:attachment":[{"href":"https:\/\/agora.xtec.cat\/escolalavilapalamos\/wp-json\/wp\/v2\/media?parent=14561"}],"wp:term":[{"taxonomy":"category","embeddable":true,"href":"https:\/\/agora.xtec.cat\/escolalavilapalamos\/wp-json\/wp\/v2\/categories?post=14561"},{"taxonomy":"post_tag","embeddable":true,"href":"https:\/\/agora.xtec.cat\/escolalavilapalamos\/wp-json\/wp\/v2\/tags?post=14561"}],"curies":[{"name":"wp","href":"https:\/\/api.w.org\/{rel}","templated":true}]}}