{"id":14558,"date":"2024-04-30T15:26:20","date_gmt":"2024-04-30T13:26:20","guid":{"rendered":"https:\/\/agora.xtec.cat\/escolalavilapalamos\/?p=14558"},"modified":"2024-04-30T15:26:20","modified_gmt":"2024-04-30T13:26:20","slug":"contacontes-sant-jordi","status":"publish","type":"post","link":"https:\/\/agora.xtec.cat\/escolalavilapalamos\/general\/contacontes-sant-jordi\/","title":{"rendered":"Contacontes &#8211; Sant Jordi"},"content":{"rendered":"<p>Durant aquests dies sou moltes les fam\u00edlies que heu vingut a l&#8217;Escola a explicar contes als nens i nenes de diferents nivells.<\/p>\n<p>Moltes gr\u00e0cies per a la vostra col\u00b7laboraci\u00f3! \u00c9s molt enriquidor per a tothom poder escoltar contes i hist\u00f2ries per diferents narradors i aproximar i refor\u00e7ar el vincle fam\u00edlia i escola.<\/p>\n<p>En el seg\u00fcent <a href=\"https:\/\/photos.app.goo.gl\/QXkAemXFBw5sFj8M8\">enlla\u00e7<\/a> trobareu fotos de les diferents intervencions que s&#8217;han fet per Sant Jordi a l&#8217;Escola.<\/p>\n<p><a href=\"https:\/\/agora.xtec.cat\/escolalavilapalamos\/wp-content\/uploads\/usu897\/2024\/04\/1714480380773.jpg\"><img loading=\"lazy\" decoding=\"async\" class=\"wp-image-14559 aligncenter\" src=\"https:\/\/agora.xtec.cat\/escolalavilapalamos\/wp-content\/uploads\/usu897\/2024\/04\/1714480380773.jpg\" alt=\"\" width=\"493\" height=\"370\" srcset=\"https:\/\/agora.xtec.cat\/escolalavilapalamos\/wp-content\/uploads\/usu897\/2024\/04\/1714480380773.jpg 1600w, https:\/\/agora.xtec.cat\/escolalavilapalamos\/wp-content\/uploads\/usu897\/2024\/04\/1714480380773-300x225.jpg 300w, https:\/\/agora.xtec.cat\/escolalavilapalamos\/wp-content\/uploads\/usu897\/2024\/04\/1714480380773-1024x768.jpg 1024w, https:\/\/agora.xtec.cat\/escolalavilapalamos\/wp-content\/uploads\/usu897\/2024\/04\/1714480380773-768x576.jpg 768w, https:\/\/agora.xtec.cat\/escolalavilapalamos\/wp-content\/uploads\/usu897\/2024\/04\/1714480380773-1536x1152.jpg 1536w, https:\/\/agora.xtec.cat\/escolalavilapalamos\/wp-content\/uploads\/usu897\/2024\/04\/1714480380773-200x150.jpg 200w\" sizes=\"auto, (max-width: 493px) 100vw, 493px\" \/><\/a><\/p>\n","protected":false},"excerpt":{"rendered":"<p>Durant aquests dies sou moltes les fam\u00edlies que heu vingut a l&#8217;Escola a explicar contes als nens i nenes de diferents nivells.<br \/>\nMoltes gr\u00e0cies per a la vostra col\u00b7laboraci\u00f3! \u00c9s molt enriquidor per a tothom poder escoltar contes i hist\u00f2ries per diferents narradors i aproximar i&hellip;  <a href=\"https:\/\/agora.xtec.cat\/escolalavilapalamos\/general\/contacontes-sant-jordi\/\" title=\"Read Contacontes &#8211; Sant Jordi\">Llegeix m\u00e9s\u00bb<\/a><\/p>\n","protected":false},"author":1,"featured_media":0,"comment_status":"open","ping_status":"closed","sticky":false,"template":"","format":"standard","meta":{"_bbp_topic_count":0,"_bbp_reply_count":0,"_bbp_total_topic_count":0,"_bbp_total_reply_count":0,"_bbp_voice_count":0,"_bbp_anonymous_reply_count":0,"_bbp_topic_count_hidden":0,"_bbp_reply_count_hidden":0,"_bbp_forum_subforum_count":0,"footnotes":""},"categories":[128,127,2,1,4],"tags":[],"class_list":["post-14558","post","type-post","status-publish","format-standard","hentry","category-comunitat-de-grans","category-comunitat-de-mitjans","category-infantil","category-general","category-portada"],"post_mailing_queue_ids":[],"_links":{"self":[{"href":"https:\/\/agora.xtec.cat\/escolalavilapalamos\/wp-json\/wp\/v2\/posts\/14558","targetHints":{"allow":["GET"]}}],"collection":[{"href":"https:\/\/agora.xtec.cat\/escolalavilapalamos\/wp-json\/wp\/v2\/posts"}],"about":[{"href":"https:\/\/agora.xtec.cat\/escolalavilapalamos\/wp-json\/wp\/v2\/types\/post"}],"author":[{"embeddable":true,"href":"https:\/\/agora.xtec.cat\/escolalavilapalamos\/wp-json\/wp\/v2\/users\/1"}],"replies":[{"embeddable":true,"href":"https:\/\/agora.xtec.cat\/escolalavilapalamos\/wp-json\/wp\/v2\/comments?post=14558"}],"version-history":[{"count":1,"href":"https:\/\/agora.xtec.cat\/escolalavilapalamos\/wp-json\/wp\/v2\/posts\/14558\/revisions"}],"predecessor-version":[{"id":14560,"href":"https:\/\/agora.xtec.cat\/escolalavilapalamos\/wp-json\/wp\/v2\/posts\/14558\/revisions\/14560"}],"wp:attachment":[{"href":"https:\/\/agora.xtec.cat\/escolalavilapalamos\/wp-json\/wp\/v2\/media?parent=14558"}],"wp:term":[{"taxonomy":"category","embeddable":true,"href":"https:\/\/agora.xtec.cat\/escolalavilapalamos\/wp-json\/wp\/v2\/categories?post=14558"},{"taxonomy":"post_tag","embeddable":true,"href":"https:\/\/agora.xtec.cat\/escolalavilapalamos\/wp-json\/wp\/v2\/tags?post=14558"}],"curies":[{"name":"wp","href":"https:\/\/api.w.org\/{rel}","templated":true}]}}