{"id":14550,"date":"2024-04-26T17:39:59","date_gmt":"2024-04-26T15:39:59","guid":{"rendered":"https:\/\/agora.xtec.cat\/escolalavilapalamos\/?p=14550"},"modified":"2024-04-26T17:47:47","modified_gmt":"2024-04-26T15:47:47","slug":"sant-jordi-musical","status":"publish","type":"post","link":"https:\/\/agora.xtec.cat\/escolalavilapalamos\/general\/sant-jordi-musical\/","title":{"rendered":"Sant Jordi musical"},"content":{"rendered":"<p>Aquest dimarts 23 d&#8217;abril hem celebrat la diada de Sant Jordi. Des de l&#8217;\u00e0rea de m\u00fasica hem realitzat unes activitats relacionades amb aquesta festa tan celebrada. Amb els cursos de 2n vam aprendre la can\u00e7\u00f3: Els personatges de Sant Jordi, i vam pensar quins instruments podien representar els 4 personatges principals de la llegenda. Un cop feta la tria, vam acompanyar el ritme de la can\u00e7\u00f3 amb els instruments escollits. Amb el curs de 3rB vam musicar poemes de Sant Jordi, i amb els cursos de 3rA inspirant-nos amb la can\u00e7\u00f3: La rosa ( Musical del Petit pr\u00edncep ) vam pensar com fer una rosa amb les teles i mocadors que tenim a l&#8217;aula.<\/p>\n<p>Unes activitats que ens han fet gaudir encara m\u00e9s de la nostra diada! A l&#8217;enlla\u00e7 que teniu a continuaci\u00f3 hi ha algunes fotos representatives de les activitats.<\/p>\n<p><a href=\"https:\/\/drive.google.com\/drive\/u\/0\/folders\/1B743E5Jpsf0p-P14_blnQ1niXCKU849j\">Sant Jordi 2n i 3r<\/a><\/p>\n<p><a href=\"https:\/\/agora.xtec.cat\/escolalavilapalamos\/wp-content\/uploads\/usu897\/2024\/04\/WhatsApp-Image-2024-04-25-at-18.28.13.jpeg\"><img loading=\"lazy\" decoding=\"async\" class=\"size-medium wp-image-14551 aligncenter\" src=\"https:\/\/agora.xtec.cat\/escolalavilapalamos\/wp-content\/uploads\/usu897\/2024\/04\/WhatsApp-Image-2024-04-25-at-18.28.13-300x135.jpeg\" alt=\"\" width=\"300\" height=\"135\" srcset=\"https:\/\/agora.xtec.cat\/escolalavilapalamos\/wp-content\/uploads\/usu897\/2024\/04\/WhatsApp-Image-2024-04-25-at-18.28.13-300x135.jpeg 300w, https:\/\/agora.xtec.cat\/escolalavilapalamos\/wp-content\/uploads\/usu897\/2024\/04\/WhatsApp-Image-2024-04-25-at-18.28.13-1024x461.jpeg 1024w, https:\/\/agora.xtec.cat\/escolalavilapalamos\/wp-content\/uploads\/usu897\/2024\/04\/WhatsApp-Image-2024-04-25-at-18.28.13-768x346.jpeg 768w, https:\/\/agora.xtec.cat\/escolalavilapalamos\/wp-content\/uploads\/usu897\/2024\/04\/WhatsApp-Image-2024-04-25-at-18.28.13-1536x692.jpeg 1536w, https:\/\/agora.xtec.cat\/escolalavilapalamos\/wp-content\/uploads\/usu897\/2024\/04\/WhatsApp-Image-2024-04-25-at-18.28.13.jpeg 1600w\" sizes=\"auto, (max-width: 300px) 100vw, 300px\" \/><\/a><\/p>\n","protected":false},"excerpt":{"rendered":"<p>Aquest dimarts 23 d&#8217;abril hem celebrat la diada de Sant Jordi. Des de l&#8217;\u00e0rea de m\u00fasica hem realitzat unes activitats relacionades amb aquesta festa tan celebrada. Amb els cursos de 2n vam aprendre la can\u00e7\u00f3: Els personatges de Sant Jordi, i vam pensar quins instruments&hellip;  <a href=\"https:\/\/agora.xtec.cat\/escolalavilapalamos\/general\/sant-jordi-musical\/\" title=\"Read Sant Jordi musical\">Llegeix m\u00e9s\u00bb<\/a><\/p>\n","protected":false},"author":131,"featured_media":0,"comment_status":"open","ping_status":"closed","sticky":false,"template":"","format":"standard","meta":{"_bbp_topic_count":0,"_bbp_reply_count":0,"_bbp_total_topic_count":0,"_bbp_total_reply_count":0,"_bbp_voice_count":0,"_bbp_anonymous_reply_count":0,"_bbp_topic_count_hidden":0,"_bbp_reply_count_hidden":0,"_bbp_forum_subforum_count":0,"footnotes":""},"categories":[127,1,4],"tags":[],"class_list":["post-14550","post","type-post","status-publish","format-standard","hentry","category-comunitat-de-mitjans","category-general","category-portada"],"post_mailing_queue_ids":[],"_links":{"self":[{"href":"https:\/\/agora.xtec.cat\/escolalavilapalamos\/wp-json\/wp\/v2\/posts\/14550","targetHints":{"allow":["GET"]}}],"collection":[{"href":"https:\/\/agora.xtec.cat\/escolalavilapalamos\/wp-json\/wp\/v2\/posts"}],"about":[{"href":"https:\/\/agora.xtec.cat\/escolalavilapalamos\/wp-json\/wp\/v2\/types\/post"}],"author":[{"embeddable":true,"href":"https:\/\/agora.xtec.cat\/escolalavilapalamos\/wp-json\/wp\/v2\/users\/131"}],"replies":[{"embeddable":true,"href":"https:\/\/agora.xtec.cat\/escolalavilapalamos\/wp-json\/wp\/v2\/comments?post=14550"}],"version-history":[{"count":3,"href":"https:\/\/agora.xtec.cat\/escolalavilapalamos\/wp-json\/wp\/v2\/posts\/14550\/revisions"}],"predecessor-version":[{"id":14554,"href":"https:\/\/agora.xtec.cat\/escolalavilapalamos\/wp-json\/wp\/v2\/posts\/14550\/revisions\/14554"}],"wp:attachment":[{"href":"https:\/\/agora.xtec.cat\/escolalavilapalamos\/wp-json\/wp\/v2\/media?parent=14550"}],"wp:term":[{"taxonomy":"category","embeddable":true,"href":"https:\/\/agora.xtec.cat\/escolalavilapalamos\/wp-json\/wp\/v2\/categories?post=14550"},{"taxonomy":"post_tag","embeddable":true,"href":"https:\/\/agora.xtec.cat\/escolalavilapalamos\/wp-json\/wp\/v2\/tags?post=14550"}],"curies":[{"name":"wp","href":"https:\/\/api.w.org\/{rel}","templated":true}]}}