{"id":14522,"date":"2024-04-24T10:00:29","date_gmt":"2024-04-24T08:00:29","guid":{"rendered":"https:\/\/agora.xtec.cat\/escolalavilapalamos\/?p=14522"},"modified":"2024-04-24T10:00:29","modified_gmt":"2024-04-24T08:00:29","slug":"ja-ha-arribat-la-primavera-musical-a-i3","status":"publish","type":"post","link":"https:\/\/agora.xtec.cat\/escolalavilapalamos\/general\/ja-ha-arribat-la-primavera-musical-a-i3\/","title":{"rendered":"Ja ha arribat la primavera musical a I3"},"content":{"rendered":"<p>La primavera ja \u00e9s aqu\u00ed, i amb els cursos de I3 ho hem celebrat a les hores de m\u00fasica. Envoltats de flors, abelles, can\u00e7ons i audicions, hem fet un munt d&#8217;activitats amb les quals hem gaudit molt. Us deixem l&#8217;enlla\u00e7 de la can\u00e7\u00f3: &#8220;Primavera, primavera&#8221;, i l&#8217;audici\u00f3: &#8220;El vol del borinot&#8221; ( abella ) perqu\u00e8 ho pugueu escoltar a casa i cantar i representar els jocs que hem fet a l&#8217;aula. Tamb\u00e9 un enlla\u00e7 amb fotografies de les sessions d&#8217;aquest mes d&#8217;abril.<\/p>\n<p><a href=\"https:\/\/www.youtube.com\/watch?v=SsFSQ_AG7Qg\">Can\u00e7\u00f3: primavera, primavera<\/a><\/p>\n<p><a href=\"https:\/\/www.youtube.com\/watch?v=Sciy6GZr8Po\">El vol del borinot<\/a><\/p>\n<p><a href=\"https:\/\/www.youtube.com\/watch?v=X14kC-sEH0I\">The flight of bumblebee<\/a><\/p>\n<p><a href=\"https:\/\/drive.google.com\/drive\/u\/1\/folders\/1mfBCQEpTJtjZUNNdqIrHyADfVGW98-d-\">Imatges I3 abril<\/a><\/p>\n<p><img loading=\"lazy\" decoding=\"async\" class=\"\" src=\"https:\/\/agora.xtec.cat\/esc-pamiesdeginestar\/wp-content\/uploads\/usu1625\/2020\/11\/borinot2.jpg\" alt=\"Audici\u00f3 activa: EL VOL DEL BORINOT de Rimski-Korsakov | Escola P\u00e0mies - ZER La Font de l'Aiguad\u00ed\" width=\"228\" height=\"97\" \/><\/p>\n","protected":false},"excerpt":{"rendered":"<p>La primavera ja \u00e9s aqu\u00ed, i amb els cursos de I3 ho hem celebrat a les hores de m\u00fasica. Envoltats de flors, abelles, can\u00e7ons i audicions, hem fet un munt d&#8217;activitats amb les quals hem gaudit molt. Us deixem l&#8217;enlla\u00e7 de la can\u00e7\u00f3: &#8220;Primavera, primavera&#8221;,&hellip;  <a href=\"https:\/\/agora.xtec.cat\/escolalavilapalamos\/general\/ja-ha-arribat-la-primavera-musical-a-i3\/\" title=\"Read Ja ha arribat la primavera musical a I3\">Llegeix m\u00e9s\u00bb<\/a><\/p>\n","protected":false},"author":128,"featured_media":14525,"comment_status":"open","ping_status":"closed","sticky":false,"template":"","format":"standard","meta":{"_bbp_topic_count":0,"_bbp_reply_count":0,"_bbp_total_topic_count":0,"_bbp_total_reply_count":0,"_bbp_voice_count":0,"_bbp_anonymous_reply_count":0,"_bbp_topic_count_hidden":0,"_bbp_reply_count_hidden":0,"_bbp_forum_subforum_count":0,"footnotes":""},"categories":[1,4],"tags":[],"class_list":["post-14522","post","type-post","status-publish","format-standard","has-post-thumbnail","hentry","category-general","category-portada"],"post_mailing_queue_ids":[],"_links":{"self":[{"href":"https:\/\/agora.xtec.cat\/escolalavilapalamos\/wp-json\/wp\/v2\/posts\/14522","targetHints":{"allow":["GET"]}}],"collection":[{"href":"https:\/\/agora.xtec.cat\/escolalavilapalamos\/wp-json\/wp\/v2\/posts"}],"about":[{"href":"https:\/\/agora.xtec.cat\/escolalavilapalamos\/wp-json\/wp\/v2\/types\/post"}],"author":[{"embeddable":true,"href":"https:\/\/agora.xtec.cat\/escolalavilapalamos\/wp-json\/wp\/v2\/users\/128"}],"replies":[{"embeddable":true,"href":"https:\/\/agora.xtec.cat\/escolalavilapalamos\/wp-json\/wp\/v2\/comments?post=14522"}],"version-history":[{"count":2,"href":"https:\/\/agora.xtec.cat\/escolalavilapalamos\/wp-json\/wp\/v2\/posts\/14522\/revisions"}],"predecessor-version":[{"id":14524,"href":"https:\/\/agora.xtec.cat\/escolalavilapalamos\/wp-json\/wp\/v2\/posts\/14522\/revisions\/14524"}],"wp:featuredmedia":[{"embeddable":true,"href":"https:\/\/agora.xtec.cat\/escolalavilapalamos\/wp-json\/wp\/v2\/media\/14525"}],"wp:attachment":[{"href":"https:\/\/agora.xtec.cat\/escolalavilapalamos\/wp-json\/wp\/v2\/media?parent=14522"}],"wp:term":[{"taxonomy":"category","embeddable":true,"href":"https:\/\/agora.xtec.cat\/escolalavilapalamos\/wp-json\/wp\/v2\/categories?post=14522"},{"taxonomy":"post_tag","embeddable":true,"href":"https:\/\/agora.xtec.cat\/escolalavilapalamos\/wp-json\/wp\/v2\/tags?post=14522"}],"curies":[{"name":"wp","href":"https:\/\/api.w.org\/{rel}","templated":true}]}}