{"id":14519,"date":"2024-04-24T10:00:40","date_gmt":"2024-04-24T08:00:40","guid":{"rendered":"https:\/\/agora.xtec.cat\/escolalavilapalamos\/?p=14519"},"modified":"2024-04-24T10:00:40","modified_gmt":"2024-04-24T08:00:40","slug":"rispect","status":"publish","type":"post","link":"https:\/\/agora.xtec.cat\/escolalavilapalamos\/general\/rispect\/","title":{"rendered":"Rispect!!"},"content":{"rendered":"<p><span style=\"font-weight: 400;\">Els i les alumnes de 5\u00e8 diem: STOP BULLYING. Ens encanta la can\u00e7\u00f3 Rispect del grup Xiula! Per aquest motiu a les hores de m\u00fasica,\u00a0 hem creat un acompanyament instrumental i cantat, i una coreografia per cridar ben fort que volem respecte per tots i totes!! Ens ho hem passat molt b\u00e9 preparant aquesta can\u00e7\u00f3 i sobretot hem continuat aprenent que respectant-nos i treballant en equip arribem m\u00e9s lluny. Molt bona feina nois i noies!<\/span><\/p>\n<p>Si cliqueu a l&#8217;enlla\u00e7 hi trobareu els v\u00eddeos dels dos grups de 5\u00e8.<\/p>\n<p><a href=\"https:\/\/drive.google.com\/drive\/u\/1\/folders\/17o6v3K0Y47F4r55MasG1GyMuCnKhZ98l\">Rispect<\/a><\/p>\n<p><img loading=\"lazy\" decoding=\"async\" class=\"aligncenter\" src=\"https:\/\/agora.xtec.cat\/escolapractiquesbcn\/wp-content\/uploads\/usu154\/2021\/04\/cropped-SOMDIFERENTSSOMIGUALS.jpg\" alt=\"Taller del respecte | Escola Pr\u00e0ctiques\" width=\"173\" height=\"113\" \/><\/p>\n","protected":false},"excerpt":{"rendered":"<p>Els i les alumnes de 5\u00e8 diem: STOP BULLYING. Ens encanta la can\u00e7\u00f3 Rispect del grup Xiula! Per aquest motiu a les hores de m\u00fasica,\u00a0 hem creat un acompanyament instrumental i cantat, i una coreografia per cridar ben fort que volem respecte per tots i&hellip;  <a href=\"https:\/\/agora.xtec.cat\/escolalavilapalamos\/general\/rispect\/\" title=\"Read Rispect!!\">Llegeix m\u00e9s\u00bb<\/a><\/p>\n","protected":false},"author":132,"featured_media":0,"comment_status":"open","ping_status":"closed","sticky":false,"template":"","format":"standard","meta":{"_bbp_topic_count":0,"_bbp_reply_count":0,"_bbp_total_topic_count":0,"_bbp_total_reply_count":0,"_bbp_voice_count":0,"_bbp_anonymous_reply_count":0,"_bbp_topic_count_hidden":0,"_bbp_reply_count_hidden":0,"_bbp_forum_subforum_count":0,"footnotes":""},"categories":[1,4],"tags":[],"class_list":["post-14519","post","type-post","status-publish","format-standard","hentry","category-general","category-portada"],"post_mailing_queue_ids":[],"_links":{"self":[{"href":"https:\/\/agora.xtec.cat\/escolalavilapalamos\/wp-json\/wp\/v2\/posts\/14519","targetHints":{"allow":["GET"]}}],"collection":[{"href":"https:\/\/agora.xtec.cat\/escolalavilapalamos\/wp-json\/wp\/v2\/posts"}],"about":[{"href":"https:\/\/agora.xtec.cat\/escolalavilapalamos\/wp-json\/wp\/v2\/types\/post"}],"author":[{"embeddable":true,"href":"https:\/\/agora.xtec.cat\/escolalavilapalamos\/wp-json\/wp\/v2\/users\/132"}],"replies":[{"embeddable":true,"href":"https:\/\/agora.xtec.cat\/escolalavilapalamos\/wp-json\/wp\/v2\/comments?post=14519"}],"version-history":[{"count":3,"href":"https:\/\/agora.xtec.cat\/escolalavilapalamos\/wp-json\/wp\/v2\/posts\/14519\/revisions"}],"predecessor-version":[{"id":14526,"href":"https:\/\/agora.xtec.cat\/escolalavilapalamos\/wp-json\/wp\/v2\/posts\/14519\/revisions\/14526"}],"wp:attachment":[{"href":"https:\/\/agora.xtec.cat\/escolalavilapalamos\/wp-json\/wp\/v2\/media?parent=14519"}],"wp:term":[{"taxonomy":"category","embeddable":true,"href":"https:\/\/agora.xtec.cat\/escolalavilapalamos\/wp-json\/wp\/v2\/categories?post=14519"},{"taxonomy":"post_tag","embeddable":true,"href":"https:\/\/agora.xtec.cat\/escolalavilapalamos\/wp-json\/wp\/v2\/tags?post=14519"}],"curies":[{"name":"wp","href":"https:\/\/api.w.org\/{rel}","templated":true}]}}