{"id":14517,"date":"2024-04-24T10:00:58","date_gmt":"2024-04-24T08:00:58","guid":{"rendered":"https:\/\/agora.xtec.cat\/escolalavilapalamos\/?p=14517"},"modified":"2024-04-24T10:00:58","modified_gmt":"2024-04-24T08:00:58","slug":"som-aigua","status":"publish","type":"post","link":"https:\/\/agora.xtec.cat\/escolalavilapalamos\/general\/som-aigua\/","title":{"rendered":"SOM AIGUA"},"content":{"rendered":"<p><span style=\"font-weight: 400;\">La can\u00e7\u00f3 \u201c Som aigua\u201d de la Damaris Gelabert, ha sigut la protagonista de l&#8217;\u00faltim projecte de creaci\u00f3 musical amb els i les alumnes de 4t a les hores de m\u00fasica. Despr\u00e9s d\u2019escoltar la can\u00e7\u00f3 i parlar del significat de la lletra, van fer petits grups amb els quals havien de crear un acompanyament totalment lliure per la tornada de la can\u00e7\u00f3. Aquest acompanyament podia ser amb instruments,ballant, cantant\u2026Despr\u00e9s de treballar-hi unes sessions, vam gravar els videos a l\u2019aula croma i finalment es va fer el muntatge de tots els videos.<\/span><\/p>\n<p><span style=\"font-weight: 400;\">Desitgem que gaudiu mirant el resultat d\u2019aquest projecte ple de creativitat i m\u00fasica.\u00a0<\/span><\/p>\n<p><a href=\"https:\/\/drive.google.com\/drive\/u\/1\/folders\/1RzrhViy7pABCQIXTtYlL-tNSGFxBFngV\">Som aigua<\/a><\/p>\n<p>&nbsp;<\/p>\n","protected":false},"excerpt":{"rendered":"<p>La can\u00e7\u00f3 \u201c Som aigua\u201d de la Damaris Gelabert, ha sigut la protagonista de l&#8217;\u00faltim projecte de creaci\u00f3 musical amb els i les alumnes de 4t a les hores de m\u00fasica. Despr\u00e9s d\u2019escoltar la can\u00e7\u00f3 i parlar del significat de la lletra, van fer petits&hellip;  <a href=\"https:\/\/agora.xtec.cat\/escolalavilapalamos\/general\/som-aigua\/\" title=\"Read SOM AIGUA\">Llegeix m\u00e9s\u00bb<\/a><\/p>\n","protected":false},"author":132,"featured_media":0,"comment_status":"open","ping_status":"closed","sticky":false,"template":"","format":"standard","meta":{"_bbp_topic_count":0,"_bbp_reply_count":0,"_bbp_total_topic_count":0,"_bbp_total_reply_count":0,"_bbp_voice_count":0,"_bbp_anonymous_reply_count":0,"_bbp_topic_count_hidden":0,"_bbp_reply_count_hidden":0,"_bbp_forum_subforum_count":0,"footnotes":""},"categories":[1,4],"tags":[],"class_list":["post-14517","post","type-post","status-publish","format-standard","hentry","category-general","category-portada"],"post_mailing_queue_ids":[],"_links":{"self":[{"href":"https:\/\/agora.xtec.cat\/escolalavilapalamos\/wp-json\/wp\/v2\/posts\/14517","targetHints":{"allow":["GET"]}}],"collection":[{"href":"https:\/\/agora.xtec.cat\/escolalavilapalamos\/wp-json\/wp\/v2\/posts"}],"about":[{"href":"https:\/\/agora.xtec.cat\/escolalavilapalamos\/wp-json\/wp\/v2\/types\/post"}],"author":[{"embeddable":true,"href":"https:\/\/agora.xtec.cat\/escolalavilapalamos\/wp-json\/wp\/v2\/users\/132"}],"replies":[{"embeddable":true,"href":"https:\/\/agora.xtec.cat\/escolalavilapalamos\/wp-json\/wp\/v2\/comments?post=14517"}],"version-history":[{"count":2,"href":"https:\/\/agora.xtec.cat\/escolalavilapalamos\/wp-json\/wp\/v2\/posts\/14517\/revisions"}],"predecessor-version":[{"id":14527,"href":"https:\/\/agora.xtec.cat\/escolalavilapalamos\/wp-json\/wp\/v2\/posts\/14517\/revisions\/14527"}],"wp:attachment":[{"href":"https:\/\/agora.xtec.cat\/escolalavilapalamos\/wp-json\/wp\/v2\/media?parent=14517"}],"wp:term":[{"taxonomy":"category","embeddable":true,"href":"https:\/\/agora.xtec.cat\/escolalavilapalamos\/wp-json\/wp\/v2\/categories?post=14517"},{"taxonomy":"post_tag","embeddable":true,"href":"https:\/\/agora.xtec.cat\/escolalavilapalamos\/wp-json\/wp\/v2\/tags?post=14517"}],"curies":[{"name":"wp","href":"https:\/\/api.w.org\/{rel}","templated":true}]}}