{"id":14513,"date":"2024-04-22T15:36:30","date_gmt":"2024-04-22T13:36:30","guid":{"rendered":"https:\/\/agora.xtec.cat\/escolalavilapalamos\/?p=14513"},"modified":"2024-04-22T15:36:30","modified_gmt":"2024-04-22T13:36:30","slug":"estimem-la-lectura","status":"publish","type":"post","link":"https:\/\/agora.xtec.cat\/escolalavilapalamos\/general\/estimem-la-lectura\/","title":{"rendered":"ESTIMEM LA LECTURA"},"content":{"rendered":"<p><span style=\"font-weight: 400;\">La nostra escola forma part del Programa PROA+ (Programa para la orientaci\u00f3n, avance y enriquimiento educativo) del Ministeri d\u2019educaci\u00f3, formaci\u00f3 professional i esport i finan\u00e7at per la Uni\u00f3 Europea.<\/span><\/p>\n<p><span style=\"font-weight: 400;\">Des de l\u2019equip PROA+ us informem que, amb els diners rebuts, l\u2019escola ha renovat i actualitzat els llibres de lectura i de coneixement per tots els nivells de l\u2019escola.\u00a0<\/span><\/p>\n<p><span style=\"font-weight: 400;\">Aquesta dotaci\u00f3 de llibres es van entregar a trav\u00e9s d\u2019una carta on s\u2019explicava quina tipologia de llibre hi havia per cada nivell o grup classe. Durant els primers dies els i les alumnes van poder fullejar-los i compartir impressions amb els seus companys o companyes. A partir d\u2019ara disposaran d\u2019aquests llibres en la seva biblioteca d\u2019aula.\u00a0<\/span><\/p>\n<p><span style=\"font-weight: 400;\">L\u2019objectiu d\u2019aquest projecte \u00e9s afavorir i apropar a tot l\u2019alumnat a la lectura, d\u2019aquesta manera, donem la possibilitat que tots tinguin acc\u00e9s a llibres d\u2019interessos actuals, trencant amb tab\u00fas i obrint la mirada cap a la diversitat.\u00a0<\/span><\/p>\n<p><span style=\"font-weight: 400;\">Aprofitem la diada d\u2019aquesta setmana per recomanar-vos que trieu i llegiu un bon llibre.<\/span><\/p>\n<p><span style=\"font-weight: 400;\"><img loading=\"lazy\" decoding=\"async\" class=\"aligncenter wp-image-14514 size-medium\" src=\"https:\/\/agora.xtec.cat\/escolalavilapalamos\/wp-content\/uploads\/usu897\/2024\/04\/rosa-de-st.-jordi-300x169.webp\" alt=\"\" width=\"300\" height=\"169\" srcset=\"https:\/\/agora.xtec.cat\/escolalavilapalamos\/wp-content\/uploads\/usu897\/2024\/04\/rosa-de-st.-jordi-300x169.webp 300w, https:\/\/agora.xtec.cat\/escolalavilapalamos\/wp-content\/uploads\/usu897\/2024\/04\/rosa-de-st.-jordi-768x432.webp 768w, https:\/\/agora.xtec.cat\/escolalavilapalamos\/wp-content\/uploads\/usu897\/2024\/04\/rosa-de-st.-jordi.webp 1024w\" sizes=\"auto, (max-width: 300px) 100vw, 300px\" \/>Bona diada de Sant Jordi!<\/span><\/p>\n","protected":false},"excerpt":{"rendered":"<p>La nostra escola forma part del Programa PROA+ (Programa para la orientaci\u00f3n, avance y enriquimiento educativo) del Ministeri d\u2019educaci\u00f3, formaci\u00f3 professional i esport i finan\u00e7at per la Uni\u00f3 Europea.<br \/>\nDes de l\u2019equip PROA+ us informem que, amb els diners rebuts, l\u2019escola ha renovat i actualitzat els&hellip;  <a href=\"https:\/\/agora.xtec.cat\/escolalavilapalamos\/general\/estimem-la-lectura\/\" title=\"Read ESTIMEM LA LECTURA\">Llegeix m\u00e9s\u00bb<\/a><\/p>\n","protected":false},"author":128,"featured_media":0,"comment_status":"open","ping_status":"closed","sticky":false,"template":"","format":"standard","meta":{"_bbp_topic_count":0,"_bbp_reply_count":0,"_bbp_total_topic_count":0,"_bbp_total_reply_count":0,"_bbp_voice_count":0,"_bbp_anonymous_reply_count":0,"_bbp_topic_count_hidden":0,"_bbp_reply_count_hidden":0,"_bbp_forum_subforum_count":0,"footnotes":""},"categories":[1,4],"tags":[],"class_list":["post-14513","post","type-post","status-publish","format-standard","hentry","category-general","category-portada"],"post_mailing_queue_ids":[],"_links":{"self":[{"href":"https:\/\/agora.xtec.cat\/escolalavilapalamos\/wp-json\/wp\/v2\/posts\/14513","targetHints":{"allow":["GET"]}}],"collection":[{"href":"https:\/\/agora.xtec.cat\/escolalavilapalamos\/wp-json\/wp\/v2\/posts"}],"about":[{"href":"https:\/\/agora.xtec.cat\/escolalavilapalamos\/wp-json\/wp\/v2\/types\/post"}],"author":[{"embeddable":true,"href":"https:\/\/agora.xtec.cat\/escolalavilapalamos\/wp-json\/wp\/v2\/users\/128"}],"replies":[{"embeddable":true,"href":"https:\/\/agora.xtec.cat\/escolalavilapalamos\/wp-json\/wp\/v2\/comments?post=14513"}],"version-history":[{"count":2,"href":"https:\/\/agora.xtec.cat\/escolalavilapalamos\/wp-json\/wp\/v2\/posts\/14513\/revisions"}],"predecessor-version":[{"id":14516,"href":"https:\/\/agora.xtec.cat\/escolalavilapalamos\/wp-json\/wp\/v2\/posts\/14513\/revisions\/14516"}],"wp:attachment":[{"href":"https:\/\/agora.xtec.cat\/escolalavilapalamos\/wp-json\/wp\/v2\/media?parent=14513"}],"wp:term":[{"taxonomy":"category","embeddable":true,"href":"https:\/\/agora.xtec.cat\/escolalavilapalamos\/wp-json\/wp\/v2\/categories?post=14513"},{"taxonomy":"post_tag","embeddable":true,"href":"https:\/\/agora.xtec.cat\/escolalavilapalamos\/wp-json\/wp\/v2\/tags?post=14513"}],"curies":[{"name":"wp","href":"https:\/\/api.w.org\/{rel}","templated":true}]}}