{"id":14495,"date":"2024-04-11T11:21:56","date_gmt":"2024-04-11T09:21:56","guid":{"rendered":"https:\/\/agora.xtec.cat\/escolalavilapalamos\/?p=14495"},"modified":"2024-04-11T11:21:56","modified_gmt":"2024-04-11T09:21:56","slug":"23-24-colonies-comunitat-de-petits","status":"publish","type":"post","link":"https:\/\/agora.xtec.cat\/escolalavilapalamos\/infantil\/23-24-colonies-comunitat-de-petits\/","title":{"rendered":"23-24 COL\u00d2NIES COMUNITAT DE PETITS"},"content":{"rendered":"<p>Els infants de la Comunitat de Petits hem gaudit de l&#8217;entorn natural i de la casa de col\u00f2nies l&#8217;Ocell de Cor\u00e7\u00e0. Hem fet un munt d&#8217;activitats amb el grup de monitors: contacte amb els animals de granja, passejada fins el Tur\u00f3 de Puig Rod\u00f3, joc de nit a la recerca del tresor, elaborar un pot de la calma&#8230;<\/p>\n<p>L&#8217;autonomia personal, el treball en equip i conviure amb els companys i companys de la Comunitat ha estat un gran aprenentatge i una experi\u00e8ncia enriquidora.\u00a0<a href=\"https:\/\/photos.app.goo.gl\/vdG8e6g1AC1NwF4fA\"><br \/>\n<img loading=\"lazy\" decoding=\"async\" class=\"aligncenter wp-image-14497\" src=\"https:\/\/agora.xtec.cat\/escolalavilapalamos\/wp-content\/uploads\/usu897\/2024\/04\/27450727-715A-49BE-AD61-CD108D327EC1-300x300.jpg\" alt=\"\" width=\"223\" height=\"223\" srcset=\"https:\/\/agora.xtec.cat\/escolalavilapalamos\/wp-content\/uploads\/usu897\/2024\/04\/27450727-715A-49BE-AD61-CD108D327EC1-300x300.jpg 300w, https:\/\/agora.xtec.cat\/escolalavilapalamos\/wp-content\/uploads\/usu897\/2024\/04\/27450727-715A-49BE-AD61-CD108D327EC1-150x150.jpg 150w, https:\/\/agora.xtec.cat\/escolalavilapalamos\/wp-content\/uploads\/usu897\/2024\/04\/27450727-715A-49BE-AD61-CD108D327EC1.jpg 720w\" sizes=\"auto, (max-width: 223px) 100vw, 223px\" \/><\/a><\/p>\n<p><em>Podeu clicar la imatge per veure l&#8217;\u00e0lbum de fotografies.<\/em><\/p>\n","protected":false},"excerpt":{"rendered":"<p>Els infants de la Comunitat de Petits hem gaudit de l&#8217;entorn natural i de la casa de col\u00f2nies l&#8217;Ocell de Cor\u00e7\u00e0. Hem fet un munt d&#8217;activitats amb el grup de monitors: contacte amb els animals de granja, passejada fins el Tur\u00f3 de Puig Rod\u00f3, joc&hellip;  <a href=\"https:\/\/agora.xtec.cat\/escolalavilapalamos\/infantil\/23-24-colonies-comunitat-de-petits\/\" title=\"Read 23-24 COL\u00d2NIES COMUNITAT DE PETITS\">Llegeix m\u00e9s\u00bb<\/a><\/p>\n","protected":false},"author":128,"featured_media":0,"comment_status":"closed","ping_status":"closed","sticky":false,"template":"","format":"standard","meta":{"_bbp_topic_count":0,"_bbp_reply_count":0,"_bbp_total_topic_count":0,"_bbp_total_reply_count":0,"_bbp_voice_count":0,"_bbp_anonymous_reply_count":0,"_bbp_topic_count_hidden":0,"_bbp_reply_count_hidden":0,"_bbp_forum_subforum_count":0,"footnotes":""},"categories":[2,4],"tags":[],"class_list":["post-14495","post","type-post","status-publish","format-standard","hentry","category-infantil","category-portada"],"post_mailing_queue_ids":[],"_links":{"self":[{"href":"https:\/\/agora.xtec.cat\/escolalavilapalamos\/wp-json\/wp\/v2\/posts\/14495","targetHints":{"allow":["GET"]}}],"collection":[{"href":"https:\/\/agora.xtec.cat\/escolalavilapalamos\/wp-json\/wp\/v2\/posts"}],"about":[{"href":"https:\/\/agora.xtec.cat\/escolalavilapalamos\/wp-json\/wp\/v2\/types\/post"}],"author":[{"embeddable":true,"href":"https:\/\/agora.xtec.cat\/escolalavilapalamos\/wp-json\/wp\/v2\/users\/128"}],"replies":[{"embeddable":true,"href":"https:\/\/agora.xtec.cat\/escolalavilapalamos\/wp-json\/wp\/v2\/comments?post=14495"}],"version-history":[{"count":2,"href":"https:\/\/agora.xtec.cat\/escolalavilapalamos\/wp-json\/wp\/v2\/posts\/14495\/revisions"}],"predecessor-version":[{"id":14498,"href":"https:\/\/agora.xtec.cat\/escolalavilapalamos\/wp-json\/wp\/v2\/posts\/14495\/revisions\/14498"}],"wp:attachment":[{"href":"https:\/\/agora.xtec.cat\/escolalavilapalamos\/wp-json\/wp\/v2\/media?parent=14495"}],"wp:term":[{"taxonomy":"category","embeddable":true,"href":"https:\/\/agora.xtec.cat\/escolalavilapalamos\/wp-json\/wp\/v2\/categories?post=14495"},{"taxonomy":"post_tag","embeddable":true,"href":"https:\/\/agora.xtec.cat\/escolalavilapalamos\/wp-json\/wp\/v2\/tags?post=14495"}],"curies":[{"name":"wp","href":"https:\/\/api.w.org\/{rel}","templated":true}]}}