{"id":14469,"date":"2024-03-31T21:14:47","date_gmt":"2024-03-31T19:14:47","guid":{"rendered":"https:\/\/agora.xtec.cat\/escolalavilapalamos\/?p=14469"},"modified":"2024-03-31T21:14:47","modified_gmt":"2024-03-31T19:14:47","slug":"rellotge-musical","status":"publish","type":"post","link":"https:\/\/agora.xtec.cat\/escolalavilapalamos\/general\/rellotge-musical\/","title":{"rendered":"Rellotge musical"},"content":{"rendered":"<p>A l&#8217;aula de m\u00fasica tenim rellotge nou! \u00c9s un rellotge musical, ja que en comptes de dir-nos les hores amb els n\u00fameros habituals, hi ha diferents ritmes que combinats sumem l&#8217;hora del rellotge.<\/p>\n<p>Amb alguns cursos ens vam proposar el repte d&#8217;esbrinar com funcionava!<\/p>\n<p>Gr\u00e0cies Lourdes per aquest regal tan especial!<\/p>\n<p><a href=\"https:\/\/agora.xtec.cat\/escolalavilapalamos\/wp-content\/uploads\/usu897\/2024\/03\/WhatsApp-Image-2024-03-25-at-13.18.43.jpeg\"><img loading=\"lazy\" decoding=\"async\" class=\"size-medium wp-image-14472 alignleft\" src=\"https:\/\/agora.xtec.cat\/escolalavilapalamos\/wp-content\/uploads\/usu897\/2024\/03\/WhatsApp-Image-2024-03-25-at-13.18.43-300x135.jpeg\" alt=\"\" width=\"300\" height=\"135\" srcset=\"https:\/\/agora.xtec.cat\/escolalavilapalamos\/wp-content\/uploads\/usu897\/2024\/03\/WhatsApp-Image-2024-03-25-at-13.18.43-300x135.jpeg 300w, https:\/\/agora.xtec.cat\/escolalavilapalamos\/wp-content\/uploads\/usu897\/2024\/03\/WhatsApp-Image-2024-03-25-at-13.18.43-1024x462.jpeg 1024w, https:\/\/agora.xtec.cat\/escolalavilapalamos\/wp-content\/uploads\/usu897\/2024\/03\/WhatsApp-Image-2024-03-25-at-13.18.43-768x346.jpeg 768w, https:\/\/agora.xtec.cat\/escolalavilapalamos\/wp-content\/uploads\/usu897\/2024\/03\/WhatsApp-Image-2024-03-25-at-13.18.43-1536x692.jpeg 1536w, https:\/\/agora.xtec.cat\/escolalavilapalamos\/wp-content\/uploads\/usu897\/2024\/03\/WhatsApp-Image-2024-03-25-at-13.18.43.jpeg 2048w\" sizes=\"auto, (max-width: 300px) 100vw, 300px\" \/><\/a><a href=\"https:\/\/agora.xtec.cat\/escolalavilapalamos\/wp-content\/uploads\/usu897\/2024\/03\/WhatsApp-Image-2024-03-25-at-13.18.21.jpeg\"><img loading=\"lazy\" decoding=\"async\" class=\"alignnone size-medium wp-image-14471\" src=\"https:\/\/agora.xtec.cat\/escolalavilapalamos\/wp-content\/uploads\/usu897\/2024\/03\/WhatsApp-Image-2024-03-25-at-13.18.21-135x300.jpeg\" alt=\"\" width=\"135\" height=\"300\" srcset=\"https:\/\/agora.xtec.cat\/escolalavilapalamos\/wp-content\/uploads\/usu897\/2024\/03\/WhatsApp-Image-2024-03-25-at-13.18.21-135x300.jpeg 135w, https:\/\/agora.xtec.cat\/escolalavilapalamos\/wp-content\/uploads\/usu897\/2024\/03\/WhatsApp-Image-2024-03-25-at-13.18.21-462x1024.jpeg 462w, https:\/\/agora.xtec.cat\/escolalavilapalamos\/wp-content\/uploads\/usu897\/2024\/03\/WhatsApp-Image-2024-03-25-at-13.18.21-768x1704.jpeg 768w, https:\/\/agora.xtec.cat\/escolalavilapalamos\/wp-content\/uploads\/usu897\/2024\/03\/WhatsApp-Image-2024-03-25-at-13.18.21-692x1536.jpeg 692w, https:\/\/agora.xtec.cat\/escolalavilapalamos\/wp-content\/uploads\/usu897\/2024\/03\/WhatsApp-Image-2024-03-25-at-13.18.21.jpeg 923w\" sizes=\"auto, (max-width: 135px) 100vw, 135px\" \/><\/a><a href=\"https:\/\/agora.xtec.cat\/escolalavilapalamos\/wp-content\/uploads\/usu897\/2024\/03\/WhatsApp-Image-2024-03-25-at-13.18.22.jpeg\"><img loading=\"lazy\" decoding=\"async\" class=\"size-medium wp-image-14473 alignleft\" src=\"https:\/\/agora.xtec.cat\/escolalavilapalamos\/wp-content\/uploads\/usu897\/2024\/03\/WhatsApp-Image-2024-03-25-at-13.18.22-300x135.jpeg\" alt=\"\" width=\"300\" height=\"135\" srcset=\"https:\/\/agora.xtec.cat\/escolalavilapalamos\/wp-content\/uploads\/usu897\/2024\/03\/WhatsApp-Image-2024-03-25-at-13.18.22-300x135.jpeg 300w, https:\/\/agora.xtec.cat\/escolalavilapalamos\/wp-content\/uploads\/usu897\/2024\/03\/WhatsApp-Image-2024-03-25-at-13.18.22-1024x462.jpeg 1024w, https:\/\/agora.xtec.cat\/escolalavilapalamos\/wp-content\/uploads\/usu897\/2024\/03\/WhatsApp-Image-2024-03-25-at-13.18.22-768x346.jpeg 768w, https:\/\/agora.xtec.cat\/escolalavilapalamos\/wp-content\/uploads\/usu897\/2024\/03\/WhatsApp-Image-2024-03-25-at-13.18.22-1536x692.jpeg 1536w, https:\/\/agora.xtec.cat\/escolalavilapalamos\/wp-content\/uploads\/usu897\/2024\/03\/WhatsApp-Image-2024-03-25-at-13.18.22.jpeg 2048w\" sizes=\"auto, (max-width: 300px) 100vw, 300px\" \/><\/a><a href=\"https:\/\/agora.xtec.cat\/escolalavilapalamos\/wp-content\/uploads\/usu897\/2024\/03\/WhatsApp-Image-2024-03-25-at-13.18.21-1.jpeg\"><img loading=\"lazy\" decoding=\"async\" class=\"alignnone size-medium wp-image-14474\" src=\"https:\/\/agora.xtec.cat\/escolalavilapalamos\/wp-content\/uploads\/usu897\/2024\/03\/WhatsApp-Image-2024-03-25-at-13.18.21-1-300x135.jpeg\" alt=\"\" width=\"300\" height=\"135\" srcset=\"https:\/\/agora.xtec.cat\/escolalavilapalamos\/wp-content\/uploads\/usu897\/2024\/03\/WhatsApp-Image-2024-03-25-at-13.18.21-1-300x135.jpeg 300w, https:\/\/agora.xtec.cat\/escolalavilapalamos\/wp-content\/uploads\/usu897\/2024\/03\/WhatsApp-Image-2024-03-25-at-13.18.21-1-1024x462.jpeg 1024w, https:\/\/agora.xtec.cat\/escolalavilapalamos\/wp-content\/uploads\/usu897\/2024\/03\/WhatsApp-Image-2024-03-25-at-13.18.21-1-768x346.jpeg 768w, https:\/\/agora.xtec.cat\/escolalavilapalamos\/wp-content\/uploads\/usu897\/2024\/03\/WhatsApp-Image-2024-03-25-at-13.18.21-1-1536x692.jpeg 1536w, https:\/\/agora.xtec.cat\/escolalavilapalamos\/wp-content\/uploads\/usu897\/2024\/03\/WhatsApp-Image-2024-03-25-at-13.18.21-1.jpeg 2048w\" sizes=\"auto, (max-width: 300px) 100vw, 300px\" \/><\/a><\/p>\n","protected":false},"excerpt":{"rendered":"<p>A l&#8217;aula de m\u00fasica tenim rellotge nou! \u00c9s un rellotge musical, ja que en comptes de dir-nos les hores amb els n\u00fameros habituals, hi ha diferents ritmes que combinats sumem l&#8217;hora del rellotge.<br \/>\nAmb alguns cursos ens vam proposar el repte d&#8217;esbrinar com funcionava!<br \/>\nGr\u00e0cies Lourdes per&hellip;  <a href=\"https:\/\/agora.xtec.cat\/escolalavilapalamos\/general\/rellotge-musical\/\" title=\"Read Rellotge musical\">Llegeix m\u00e9s\u00bb<\/a><\/p>\n","protected":false},"author":131,"featured_media":0,"comment_status":"open","ping_status":"closed","sticky":false,"template":"","format":"standard","meta":{"_bbp_topic_count":0,"_bbp_reply_count":0,"_bbp_total_topic_count":0,"_bbp_total_reply_count":0,"_bbp_voice_count":0,"_bbp_anonymous_reply_count":0,"_bbp_topic_count_hidden":0,"_bbp_reply_count_hidden":0,"_bbp_forum_subforum_count":0,"footnotes":""},"categories":[1,4,5],"tags":[],"class_list":["post-14469","post","type-post","status-publish","format-standard","hentry","category-general","category-portada","category-primaria"],"post_mailing_queue_ids":[],"_links":{"self":[{"href":"https:\/\/agora.xtec.cat\/escolalavilapalamos\/wp-json\/wp\/v2\/posts\/14469","targetHints":{"allow":["GET"]}}],"collection":[{"href":"https:\/\/agora.xtec.cat\/escolalavilapalamos\/wp-json\/wp\/v2\/posts"}],"about":[{"href":"https:\/\/agora.xtec.cat\/escolalavilapalamos\/wp-json\/wp\/v2\/types\/post"}],"author":[{"embeddable":true,"href":"https:\/\/agora.xtec.cat\/escolalavilapalamos\/wp-json\/wp\/v2\/users\/131"}],"replies":[{"embeddable":true,"href":"https:\/\/agora.xtec.cat\/escolalavilapalamos\/wp-json\/wp\/v2\/comments?post=14469"}],"version-history":[{"count":1,"href":"https:\/\/agora.xtec.cat\/escolalavilapalamos\/wp-json\/wp\/v2\/posts\/14469\/revisions"}],"predecessor-version":[{"id":14475,"href":"https:\/\/agora.xtec.cat\/escolalavilapalamos\/wp-json\/wp\/v2\/posts\/14469\/revisions\/14475"}],"wp:attachment":[{"href":"https:\/\/agora.xtec.cat\/escolalavilapalamos\/wp-json\/wp\/v2\/media?parent=14469"}],"wp:term":[{"taxonomy":"category","embeddable":true,"href":"https:\/\/agora.xtec.cat\/escolalavilapalamos\/wp-json\/wp\/v2\/categories?post=14469"},{"taxonomy":"post_tag","embeddable":true,"href":"https:\/\/agora.xtec.cat\/escolalavilapalamos\/wp-json\/wp\/v2\/tags?post=14469"}],"curies":[{"name":"wp","href":"https:\/\/api.w.org\/{rel}","templated":true}]}}