{"id":14465,"date":"2024-03-31T21:15:10","date_gmt":"2024-03-31T19:15:10","guid":{"rendered":"https:\/\/agora.xtec.cat\/escolalavilapalamos\/?p=14465"},"modified":"2024-03-31T21:15:10","modified_gmt":"2024-03-31T19:15:10","slug":"compas-de-2","status":"publish","type":"post","link":"https:\/\/agora.xtec.cat\/escolalavilapalamos\/general\/compas-de-2\/","title":{"rendered":"Comp\u00e0s de 2"},"content":{"rendered":"<p>Un dels objectius que ens plategem a les hores de m\u00fasica \u00e9s treballar i aprendre, per\u00f2 al mateix temps gaudir. Per aquest motiu amb els i les alumnes de 2n, durant els\u00a0 mesos de febrer i mar\u00e7, hem ent\u00e8s i apr\u00e8s qu\u00e8 \u00e9s el comp\u00e0s de 2 i com podem utilitzar-lo. A trav\u00e9s de contes, jocs, moviments corporals, can\u00e7ons i material, anem consolidant sabers essencials del llenguatge musical.<\/p>\n<p>Cliqueu a l&#8217;enlla\u00e7 per visualitzar moltes de les coses que hem fet.<\/p>\n<p><a href=\"https:\/\/drive.google.com\/drive\/u\/0\/folders\/1PGXCXuF7kUU119sdP0ZBRx5IJPVisxa-\">Comp\u00e0s de 2<\/a><\/p>\n<p><a href=\"https:\/\/agora.xtec.cat\/escolalavilapalamos\/wp-content\/uploads\/usu897\/2024\/03\/WhatsApp-Image-2024-03-25-at-13.27.51.jpeg\"><img loading=\"lazy\" decoding=\"async\" class=\"size-medium wp-image-14466 aligncenter\" src=\"https:\/\/agora.xtec.cat\/escolalavilapalamos\/wp-content\/uploads\/usu897\/2024\/03\/WhatsApp-Image-2024-03-25-at-13.27.51-300x135.jpeg\" alt=\"\" width=\"300\" height=\"135\" srcset=\"https:\/\/agora.xtec.cat\/escolalavilapalamos\/wp-content\/uploads\/usu897\/2024\/03\/WhatsApp-Image-2024-03-25-at-13.27.51-300x135.jpeg 300w, https:\/\/agora.xtec.cat\/escolalavilapalamos\/wp-content\/uploads\/usu897\/2024\/03\/WhatsApp-Image-2024-03-25-at-13.27.51-1024x461.jpeg 1024w, https:\/\/agora.xtec.cat\/escolalavilapalamos\/wp-content\/uploads\/usu897\/2024\/03\/WhatsApp-Image-2024-03-25-at-13.27.51-768x346.jpeg 768w, https:\/\/agora.xtec.cat\/escolalavilapalamos\/wp-content\/uploads\/usu897\/2024\/03\/WhatsApp-Image-2024-03-25-at-13.27.51-1536x691.jpeg 1536w, https:\/\/agora.xtec.cat\/escolalavilapalamos\/wp-content\/uploads\/usu897\/2024\/03\/WhatsApp-Image-2024-03-25-at-13.27.51.jpeg 1600w\" sizes=\"auto, (max-width: 300px) 100vw, 300px\" \/><\/a><\/p>\n","protected":false},"excerpt":{"rendered":"<p>Un dels objectius que ens plategem a les hores de m\u00fasica \u00e9s treballar i aprendre, per\u00f2 al mateix temps gaudir. Per aquest motiu amb els i les alumnes de 2n, durant els\u00a0 mesos de febrer i mar\u00e7, hem ent\u00e8s i apr\u00e8s qu\u00e8 \u00e9s el comp\u00e0s&hellip;  <a href=\"https:\/\/agora.xtec.cat\/escolalavilapalamos\/general\/compas-de-2\/\" title=\"Read Comp\u00e0s de 2\">Llegeix m\u00e9s\u00bb<\/a><\/p>\n","protected":false},"author":131,"featured_media":0,"comment_status":"open","ping_status":"closed","sticky":false,"template":"","format":"standard","meta":{"_bbp_topic_count":0,"_bbp_reply_count":0,"_bbp_total_topic_count":0,"_bbp_total_reply_count":0,"_bbp_voice_count":0,"_bbp_anonymous_reply_count":0,"_bbp_topic_count_hidden":0,"_bbp_reply_count_hidden":0,"_bbp_forum_subforum_count":0,"footnotes":""},"categories":[127,1,4],"tags":[],"class_list":["post-14465","post","type-post","status-publish","format-standard","hentry","category-comunitat-de-mitjans","category-general","category-portada"],"post_mailing_queue_ids":[],"_links":{"self":[{"href":"https:\/\/agora.xtec.cat\/escolalavilapalamos\/wp-json\/wp\/v2\/posts\/14465","targetHints":{"allow":["GET"]}}],"collection":[{"href":"https:\/\/agora.xtec.cat\/escolalavilapalamos\/wp-json\/wp\/v2\/posts"}],"about":[{"href":"https:\/\/agora.xtec.cat\/escolalavilapalamos\/wp-json\/wp\/v2\/types\/post"}],"author":[{"embeddable":true,"href":"https:\/\/agora.xtec.cat\/escolalavilapalamos\/wp-json\/wp\/v2\/users\/131"}],"replies":[{"embeddable":true,"href":"https:\/\/agora.xtec.cat\/escolalavilapalamos\/wp-json\/wp\/v2\/comments?post=14465"}],"version-history":[{"count":2,"href":"https:\/\/agora.xtec.cat\/escolalavilapalamos\/wp-json\/wp\/v2\/posts\/14465\/revisions"}],"predecessor-version":[{"id":14484,"href":"https:\/\/agora.xtec.cat\/escolalavilapalamos\/wp-json\/wp\/v2\/posts\/14465\/revisions\/14484"}],"wp:attachment":[{"href":"https:\/\/agora.xtec.cat\/escolalavilapalamos\/wp-json\/wp\/v2\/media?parent=14465"}],"wp:term":[{"taxonomy":"category","embeddable":true,"href":"https:\/\/agora.xtec.cat\/escolalavilapalamos\/wp-json\/wp\/v2\/categories?post=14465"},{"taxonomy":"post_tag","embeddable":true,"href":"https:\/\/agora.xtec.cat\/escolalavilapalamos\/wp-json\/wp\/v2\/tags?post=14465"}],"curies":[{"name":"wp","href":"https:\/\/api.w.org\/{rel}","templated":true}]}}