{"id":14461,"date":"2024-03-31T21:15:39","date_gmt":"2024-03-31T19:15:39","guid":{"rendered":"https:\/\/agora.xtec.cat\/escolalavilapalamos\/?p=14461"},"modified":"2024-03-31T21:15:39","modified_gmt":"2024-03-31T19:15:39","slug":"joc-de-ritme-a-lhora-de-musica","status":"publish","type":"post","link":"https:\/\/agora.xtec.cat\/escolalavilapalamos\/general\/joc-de-ritme-a-lhora-de-musica\/","title":{"rendered":"Joc de ritme a l&#8217;hora de m\u00fasica!"},"content":{"rendered":"<p>Per iniciar les sessions de m\u00fasica, amb els i les alumnes de 5\u00e8 i 6\u00e8, hem estat treballant el joc de ritme: Everybody clap now! Vam comen\u00e7ar aquesta rutina el mes de gener i l&#8217;hem finalitzat\u00a0 el mes de mar\u00e7. Mica en mica hem anat aprenent els diferents moviments que ens exigien coordinaci\u00f3, concentraci\u00f3 i sobretot ritme! Per celebrar que ja ens hav\u00edem apr\u00e8s tot el joc i que ens sortia d&#8217;all\u00f2 m\u00e9s b\u00e9, vam realitzar-ho de la seg\u00fcent manera:\u00a0 els i les\u00a0 alumnes de 5\u00e8 van realitzar el joc davant el Teatre Nacional de Catalunya. Els i les alumnes de 6\u00e8 ho van fer a la platja gran de Palam\u00f3s.<\/p>\n<p>Si cliqueu a l&#8217;enlla\u00e7 ho podreu veure!<\/p>\n<p><a href=\"https:\/\/drive.google.com\/drive\/u\/0\/folders\/1gX4OALxy9bW-fLi8wYEju0u2SbblupQV\">Everybody clap now<\/a><br \/>\n<a href=\"https:\/\/agora.xtec.cat\/escolalavilapalamos\/wp-content\/uploads\/usu897\/2024\/03\/IMG_4045-scaled.jpg\"><img loading=\"lazy\" decoding=\"async\" class=\"wp-image-14454 aligncenter\" src=\"https:\/\/agora.xtec.cat\/escolalavilapalamos\/wp-content\/uploads\/usu897\/2024\/03\/IMG_4045-300x225.jpg\" alt=\"\" width=\"267\" height=\"200\" srcset=\"https:\/\/agora.xtec.cat\/escolalavilapalamos\/wp-content\/uploads\/usu897\/2024\/03\/IMG_4045-300x225.jpg 300w, https:\/\/agora.xtec.cat\/escolalavilapalamos\/wp-content\/uploads\/usu897\/2024\/03\/IMG_4045-1024x768.jpg 1024w, https:\/\/agora.xtec.cat\/escolalavilapalamos\/wp-content\/uploads\/usu897\/2024\/03\/IMG_4045-768x576.jpg 768w, https:\/\/agora.xtec.cat\/escolalavilapalamos\/wp-content\/uploads\/usu897\/2024\/03\/IMG_4045-1536x1152.jpg 1536w, https:\/\/agora.xtec.cat\/escolalavilapalamos\/wp-content\/uploads\/usu897\/2024\/03\/IMG_4045-2048x1536.jpg 2048w, https:\/\/agora.xtec.cat\/escolalavilapalamos\/wp-content\/uploads\/usu897\/2024\/03\/IMG_4045-200x150.jpg 200w\" sizes=\"auto, (max-width: 267px) 100vw, 267px\" \/><\/a><\/p>\n<p>&nbsp;<\/p>\n","protected":false},"excerpt":{"rendered":"<p>Per iniciar les sessions de m\u00fasica, amb els i les alumnes de 5\u00e8 i 6\u00e8, hem estat treballant el joc de ritme: Everybody clap now! Vam comen\u00e7ar aquesta rutina el mes de gener i l&#8217;hem finalitzat\u00a0 el mes de mar\u00e7. Mica en mica hem anat&hellip;  <a href=\"https:\/\/agora.xtec.cat\/escolalavilapalamos\/general\/joc-de-ritme-a-lhora-de-musica\/\" title=\"Read Joc de ritme a l&#8217;hora de m\u00fasica!\">Llegeix m\u00e9s\u00bb<\/a><\/p>\n","protected":false},"author":132,"featured_media":0,"comment_status":"open","ping_status":"closed","sticky":false,"template":"","format":"standard","meta":{"_bbp_topic_count":0,"_bbp_reply_count":0,"_bbp_total_topic_count":0,"_bbp_total_reply_count":0,"_bbp_voice_count":0,"_bbp_anonymous_reply_count":0,"_bbp_topic_count_hidden":0,"_bbp_reply_count_hidden":0,"_bbp_forum_subforum_count":0,"footnotes":""},"categories":[128,1,4],"tags":[],"class_list":["post-14461","post","type-post","status-publish","format-standard","hentry","category-comunitat-de-grans","category-general","category-portada"],"post_mailing_queue_ids":[],"_links":{"self":[{"href":"https:\/\/agora.xtec.cat\/escolalavilapalamos\/wp-json\/wp\/v2\/posts\/14461","targetHints":{"allow":["GET"]}}],"collection":[{"href":"https:\/\/agora.xtec.cat\/escolalavilapalamos\/wp-json\/wp\/v2\/posts"}],"about":[{"href":"https:\/\/agora.xtec.cat\/escolalavilapalamos\/wp-json\/wp\/v2\/types\/post"}],"author":[{"embeddable":true,"href":"https:\/\/agora.xtec.cat\/escolalavilapalamos\/wp-json\/wp\/v2\/users\/132"}],"replies":[{"embeddable":true,"href":"https:\/\/agora.xtec.cat\/escolalavilapalamos\/wp-json\/wp\/v2\/comments?post=14461"}],"version-history":[{"count":4,"href":"https:\/\/agora.xtec.cat\/escolalavilapalamos\/wp-json\/wp\/v2\/posts\/14461\/revisions"}],"predecessor-version":[{"id":14485,"href":"https:\/\/agora.xtec.cat\/escolalavilapalamos\/wp-json\/wp\/v2\/posts\/14461\/revisions\/14485"}],"wp:attachment":[{"href":"https:\/\/agora.xtec.cat\/escolalavilapalamos\/wp-json\/wp\/v2\/media?parent=14461"}],"wp:term":[{"taxonomy":"category","embeddable":true,"href":"https:\/\/agora.xtec.cat\/escolalavilapalamos\/wp-json\/wp\/v2\/categories?post=14461"},{"taxonomy":"post_tag","embeddable":true,"href":"https:\/\/agora.xtec.cat\/escolalavilapalamos\/wp-json\/wp\/v2\/tags?post=14461"}],"curies":[{"name":"wp","href":"https:\/\/api.w.org\/{rel}","templated":true}]}}