{"id":14453,"date":"2024-03-31T21:15:59","date_gmt":"2024-03-31T19:15:59","guid":{"rendered":"https:\/\/agora.xtec.cat\/escolalavilapalamos\/?p=14453"},"modified":"2024-03-31T21:15:59","modified_gmt":"2024-03-31T19:15:59","slug":"sortida-de-5e-al-teatre-nacional-de-catalunya","status":"publish","type":"post","link":"https:\/\/agora.xtec.cat\/escolalavilapalamos\/general\/sortida-de-5e-al-teatre-nacional-de-catalunya\/","title":{"rendered":"Sortida de 5\u00e8 al Teatre Nacional de Catalunya"},"content":{"rendered":"<p>Els alumnes de 5\u00e8 el passat <strong>divendres 22 de mar\u00e7<\/strong> vam visitar el <strong>Teatre Nacional de Catalunya<\/strong>. All\u00e0 vam realitzar la visita al teatre; coneguent diferents espais amagats del teatre. Tamb\u00e9 vam realitzar un taller d&#8217;escenificaci\u00f3 de diferents etapes hist\u00f2riques, va ser molt divertit! Ha anat molt b\u00e9 poder vincular la sortida la sortida amb el teatre que estem treballant. Prepareu-vos, us esperem el dia 30 d&#8217;abril!!!!<\/p>\n<p>Clica per veure algunes <a href=\"https:\/\/photos.app.goo.gl\/csmCv5gh4bSvSoUz8\">imatges<\/a> de la visita al TNC:<\/p>\n<p><a href=\"https:\/\/photos.app.goo.gl\/csmCv5gh4bSvSoUz8\"><img loading=\"lazy\" decoding=\"async\" class=\" wp-image-14457 alignleft\" src=\"https:\/\/agora.xtec.cat\/escolalavilapalamos\/wp-content\/uploads\/usu897\/2024\/03\/7264a0a0-d80b-4ed6-8e72-77e7d532cff8-300x225.jpg\" alt=\"\" width=\"405\" height=\"304\" srcset=\"https:\/\/agora.xtec.cat\/escolalavilapalamos\/wp-content\/uploads\/usu897\/2024\/03\/7264a0a0-d80b-4ed6-8e72-77e7d532cff8-300x225.jpg 300w, https:\/\/agora.xtec.cat\/escolalavilapalamos\/wp-content\/uploads\/usu897\/2024\/03\/7264a0a0-d80b-4ed6-8e72-77e7d532cff8-1024x768.jpg 1024w, https:\/\/agora.xtec.cat\/escolalavilapalamos\/wp-content\/uploads\/usu897\/2024\/03\/7264a0a0-d80b-4ed6-8e72-77e7d532cff8-768x576.jpg 768w, https:\/\/agora.xtec.cat\/escolalavilapalamos\/wp-content\/uploads\/usu897\/2024\/03\/7264a0a0-d80b-4ed6-8e72-77e7d532cff8-1536x1152.jpg 1536w, https:\/\/agora.xtec.cat\/escolalavilapalamos\/wp-content\/uploads\/usu897\/2024\/03\/7264a0a0-d80b-4ed6-8e72-77e7d532cff8-200x150.jpg 200w, https:\/\/agora.xtec.cat\/escolalavilapalamos\/wp-content\/uploads\/usu897\/2024\/03\/7264a0a0-d80b-4ed6-8e72-77e7d532cff8.jpg 2048w\" sizes=\"auto, (max-width: 405px) 100vw, 405px\" \/><\/a><\/p>\n<p><a href=\"https:\/\/photos.app.goo.gl\/csmCv5gh4bSvSoUz8\"><img loading=\"lazy\" decoding=\"async\" class=\" wp-image-14454 alignleft\" src=\"https:\/\/agora.xtec.cat\/escolalavilapalamos\/wp-content\/uploads\/usu897\/2024\/03\/IMG_4045-300x225.jpg\" alt=\"\" width=\"404\" height=\"303\" srcset=\"https:\/\/agora.xtec.cat\/escolalavilapalamos\/wp-content\/uploads\/usu897\/2024\/03\/IMG_4045-300x225.jpg 300w, https:\/\/agora.xtec.cat\/escolalavilapalamos\/wp-content\/uploads\/usu897\/2024\/03\/IMG_4045-1024x768.jpg 1024w, https:\/\/agora.xtec.cat\/escolalavilapalamos\/wp-content\/uploads\/usu897\/2024\/03\/IMG_4045-768x576.jpg 768w, https:\/\/agora.xtec.cat\/escolalavilapalamos\/wp-content\/uploads\/usu897\/2024\/03\/IMG_4045-1536x1152.jpg 1536w, https:\/\/agora.xtec.cat\/escolalavilapalamos\/wp-content\/uploads\/usu897\/2024\/03\/IMG_4045-2048x1536.jpg 2048w, https:\/\/agora.xtec.cat\/escolalavilapalamos\/wp-content\/uploads\/usu897\/2024\/03\/IMG_4045-200x150.jpg 200w\" sizes=\"auto, (max-width: 404px) 100vw, 404px\" \/><\/a><\/p>\n","protected":false},"excerpt":{"rendered":"<p>Els alumnes de 5\u00e8 el passat divendres 22 de mar\u00e7 vam visitar el Teatre Nacional de Catalunya. All\u00e0 vam realitzar la visita al teatre; coneguent diferents espais amagats del teatre. Tamb\u00e9 vam realitzar un taller d&#8217;escenificaci\u00f3 de diferents etapes hist\u00f2riques, va ser molt divertit! Ha&hellip;  <a href=\"https:\/\/agora.xtec.cat\/escolalavilapalamos\/general\/sortida-de-5e-al-teatre-nacional-de-catalunya\/\" title=\"Read Sortida de 5\u00e8 al Teatre Nacional de Catalunya\">Llegeix m\u00e9s\u00bb<\/a><\/p>\n","protected":false},"author":132,"featured_media":0,"comment_status":"closed","ping_status":"closed","sticky":false,"template":"","format":"standard","meta":{"_bbp_topic_count":0,"_bbp_reply_count":0,"_bbp_total_topic_count":0,"_bbp_total_reply_count":0,"_bbp_voice_count":0,"_bbp_anonymous_reply_count":0,"_bbp_topic_count_hidden":0,"_bbp_reply_count_hidden":0,"_bbp_forum_subforum_count":0,"footnotes":""},"categories":[128,1,138,4,5],"tags":[],"class_list":["post-14453","post","type-post","status-publish","format-standard","hentry","category-comunitat-de-grans","category-general","category-notices-a-la-web","category-portada","category-primaria"],"post_mailing_queue_ids":[],"_links":{"self":[{"href":"https:\/\/agora.xtec.cat\/escolalavilapalamos\/wp-json\/wp\/v2\/posts\/14453","targetHints":{"allow":["GET"]}}],"collection":[{"href":"https:\/\/agora.xtec.cat\/escolalavilapalamos\/wp-json\/wp\/v2\/posts"}],"about":[{"href":"https:\/\/agora.xtec.cat\/escolalavilapalamos\/wp-json\/wp\/v2\/types\/post"}],"author":[{"embeddable":true,"href":"https:\/\/agora.xtec.cat\/escolalavilapalamos\/wp-json\/wp\/v2\/users\/132"}],"replies":[{"embeddable":true,"href":"https:\/\/agora.xtec.cat\/escolalavilapalamos\/wp-json\/wp\/v2\/comments?post=14453"}],"version-history":[{"count":5,"href":"https:\/\/agora.xtec.cat\/escolalavilapalamos\/wp-json\/wp\/v2\/posts\/14453\/revisions"}],"predecessor-version":[{"id":14460,"href":"https:\/\/agora.xtec.cat\/escolalavilapalamos\/wp-json\/wp\/v2\/posts\/14453\/revisions\/14460"}],"wp:attachment":[{"href":"https:\/\/agora.xtec.cat\/escolalavilapalamos\/wp-json\/wp\/v2\/media?parent=14453"}],"wp:term":[{"taxonomy":"category","embeddable":true,"href":"https:\/\/agora.xtec.cat\/escolalavilapalamos\/wp-json\/wp\/v2\/categories?post=14453"},{"taxonomy":"post_tag","embeddable":true,"href":"https:\/\/agora.xtec.cat\/escolalavilapalamos\/wp-json\/wp\/v2\/tags?post=14453"}],"curies":[{"name":"wp","href":"https:\/\/api.w.org\/{rel}","templated":true}]}}