{"id":14426,"date":"2024-03-22T09:34:42","date_gmt":"2024-03-22T08:34:42","guid":{"rendered":"https:\/\/agora.xtec.cat\/escolalavilapalamos\/?p=14426"},"modified":"2024-03-22T09:34:42","modified_gmt":"2024-03-22T08:34:42","slug":"els-minimos-a-i4","status":"publish","type":"post","link":"https:\/\/agora.xtec.cat\/escolalavilapalamos\/general\/els-minimos-a-i4\/","title":{"rendered":"ELS MINIMOS A I4"},"content":{"rendered":"<h6><b>ELS MINIMONS A INFANTIL<\/b><\/h6>\n<p><span style=\"font-weight: 400;\">Els minimons s\u00f3n una expressi\u00f3 de joc simb\u00f2lic lliure no estructurat, en qu\u00e8 els infants representen de forma real moments de la vida quotidiana o escenaris imaginaris a petita escala, fent servir tot tipus de materials, ja siguin estructurats o no, peces soltes i objectes del dia a dia.<\/span><\/p>\n<p><span style=\"font-weight: 400; color: #000000;\">A les aules d\u2019I4, els minimos sempre formen part de les propostes d\u2019aula ja que ens permeten treballar tota una s\u00e8rie d\u2019habilitats com la imaginaci\u00f3 i creativitat, el vocabulari, la motricitat fina, la intel\u00b7lig\u00e8ncia sensorial, la paci\u00e8ncia i la concentraci\u00f3,&#8230;<\/span><\/p>\n<p><span style=\"font-weight: 400; color: #000000;\"><img loading=\"lazy\" decoding=\"async\" class=\"wp-image-14427 aligncenter\" src=\"https:\/\/agora.xtec.cat\/escolalavilapalamos\/wp-content\/uploads\/usu897\/2024\/03\/IMG_20240313_163735-1-300x152.jpg\" alt=\"\" width=\"345\" height=\"175\" srcset=\"https:\/\/agora.xtec.cat\/escolalavilapalamos\/wp-content\/uploads\/usu897\/2024\/03\/IMG_20240313_163735-1-300x152.jpg 300w, https:\/\/agora.xtec.cat\/escolalavilapalamos\/wp-content\/uploads\/usu897\/2024\/03\/IMG_20240313_163735-1-1024x519.jpg 1024w, https:\/\/agora.xtec.cat\/escolalavilapalamos\/wp-content\/uploads\/usu897\/2024\/03\/IMG_20240313_163735-1-768x390.jpg 768w, https:\/\/agora.xtec.cat\/escolalavilapalamos\/wp-content\/uploads\/usu897\/2024\/03\/IMG_20240313_163735-1-1536x779.jpg 1536w, https:\/\/agora.xtec.cat\/escolalavilapalamos\/wp-content\/uploads\/usu897\/2024\/03\/IMG_20240313_163735-1-2048x1039.jpg 2048w\" sizes=\"auto, (max-width: 345px) 100vw, 345px\" \/><\/span><\/p>\n<p><span style=\"font-weight: 400;\">Per altra banda amb aquest tipus de proposta s\u2019est\u00e0 activant tota una bateria de jocs diferents: com els jocs de construcci\u00f3, de coneixement cient\u00edfic, \u2026, tan importants en el desenvolupament dels infants.<\/span><\/p>\n<p style=\"text-align: justify;\"><span style=\"font-weight: 400;\"><img loading=\"lazy\" decoding=\"async\" class=\"wp-image-14431 alignright\" src=\"https:\/\/agora.xtec.cat\/escolalavilapalamos\/wp-content\/uploads\/usu897\/2024\/03\/IMG_20240321_230112-300x300.jpg\" alt=\"\" width=\"187\" height=\"187\" srcset=\"https:\/\/agora.xtec.cat\/escolalavilapalamos\/wp-content\/uploads\/usu897\/2024\/03\/IMG_20240321_230112-300x300.jpg 300w, https:\/\/agora.xtec.cat\/escolalavilapalamos\/wp-content\/uploads\/usu897\/2024\/03\/IMG_20240321_230112-1024x1024.jpg 1024w, https:\/\/agora.xtec.cat\/escolalavilapalamos\/wp-content\/uploads\/usu897\/2024\/03\/IMG_20240321_230112-150x150.jpg 150w, https:\/\/agora.xtec.cat\/escolalavilapalamos\/wp-content\/uploads\/usu897\/2024\/03\/IMG_20240321_230112-768x768.jpg 768w, https:\/\/agora.xtec.cat\/escolalavilapalamos\/wp-content\/uploads\/usu897\/2024\/03\/IMG_20240321_230112-1536x1536.jpg 1536w, https:\/\/agora.xtec.cat\/escolalavilapalamos\/wp-content\/uploads\/usu897\/2024\/03\/IMG_20240321_230112-2048x2048.jpg 2048w\" sizes=\"auto, (max-width: 187px) 100vw, 187px\" \/>Els minimons es poden crear a qualsevol lloc i acostumen a ser espais acotats, en qu\u00e8 els infants van\u00a0afegint personatges, objectes o coses que els <\/span><span style=\"font-weight: 400;\">ajuden a representar all\u00f2 que tenen al cap.<\/span><\/p>\n<p style=\"text-align: justify;\"><span style=\"font-weight: 400;\">\u00c9s un espai din\u00e0mic i en constant transformaci\u00f3, on els nens i les nenes deixen de ser els protagonistes directes per traslladar l\u2019acci\u00f3 a petits ninots o animals que viuen dins d\u2019aquests minimons que han creat, i que ells i elles mateixes dirigeixen com volen.<\/span><\/p>\n<p><span style=\"font-weight: 400;\">L\u2019objectiu final no \u00e9s el resultat est\u00e8tic del minim\u00f3n en si mateix, sin\u00f3 el que passa mentre els infants juguen i\u00a0 creen&#8230;<\/span><\/p>\n<p><span style=\"font-weight: 400;\"><img loading=\"lazy\" decoding=\"async\" class=\"aligncenter wp-image-14428\" src=\"https:\/\/agora.xtec.cat\/escolalavilapalamos\/wp-content\/uploads\/usu897\/2024\/03\/IMG_20240314_120746-300x158.jpg\" alt=\"\" width=\"349\" height=\"184\" srcset=\"https:\/\/agora.xtec.cat\/escolalavilapalamos\/wp-content\/uploads\/usu897\/2024\/03\/IMG_20240314_120746-300x158.jpg 300w, https:\/\/agora.xtec.cat\/escolalavilapalamos\/wp-content\/uploads\/usu897\/2024\/03\/IMG_20240314_120746-1024x539.jpg 1024w, https:\/\/agora.xtec.cat\/escolalavilapalamos\/wp-content\/uploads\/usu897\/2024\/03\/IMG_20240314_120746-768x404.jpg 768w, https:\/\/agora.xtec.cat\/escolalavilapalamos\/wp-content\/uploads\/usu897\/2024\/03\/IMG_20240314_120746-1536x809.jpg 1536w, https:\/\/agora.xtec.cat\/escolalavilapalamos\/wp-content\/uploads\/usu897\/2024\/03\/IMG_20240314_120746-2048x1078.jpg 2048w\" sizes=\"auto, (max-width: 349px) 100vw, 349px\" \/><\/span><\/p>\n","protected":false},"excerpt":{"rendered":"<p>ELS MINIMONS A INFANTIL<br \/>\nEls minimons s\u00f3n una expressi\u00f3 de joc simb\u00f2lic lliure no estructurat, en qu\u00e8 els infants representen de forma real moments de la vida quotidiana o escenaris imaginaris a petita escala, fent servir tot tipus de materials, ja siguin estructurats o no, peces&hellip;  <a href=\"https:\/\/agora.xtec.cat\/escolalavilapalamos\/general\/els-minimos-a-i4\/\" title=\"Read ELS MINIMOS A I4\">Llegeix m\u00e9s\u00bb<\/a><\/p>\n","protected":false},"author":128,"featured_media":0,"comment_status":"open","ping_status":"closed","sticky":false,"template":"","format":"standard","meta":{"_bbp_topic_count":0,"_bbp_reply_count":0,"_bbp_total_topic_count":0,"_bbp_total_reply_count":0,"_bbp_voice_count":0,"_bbp_anonymous_reply_count":0,"_bbp_topic_count_hidden":0,"_bbp_reply_count_hidden":0,"_bbp_forum_subforum_count":0,"footnotes":""},"categories":[2,1,4],"tags":[],"class_list":["post-14426","post","type-post","status-publish","format-standard","hentry","category-infantil","category-general","category-portada"],"post_mailing_queue_ids":[],"_links":{"self":[{"href":"https:\/\/agora.xtec.cat\/escolalavilapalamos\/wp-json\/wp\/v2\/posts\/14426","targetHints":{"allow":["GET"]}}],"collection":[{"href":"https:\/\/agora.xtec.cat\/escolalavilapalamos\/wp-json\/wp\/v2\/posts"}],"about":[{"href":"https:\/\/agora.xtec.cat\/escolalavilapalamos\/wp-json\/wp\/v2\/types\/post"}],"author":[{"embeddable":true,"href":"https:\/\/agora.xtec.cat\/escolalavilapalamos\/wp-json\/wp\/v2\/users\/128"}],"replies":[{"embeddable":true,"href":"https:\/\/agora.xtec.cat\/escolalavilapalamos\/wp-json\/wp\/v2\/comments?post=14426"}],"version-history":[{"count":6,"href":"https:\/\/agora.xtec.cat\/escolalavilapalamos\/wp-json\/wp\/v2\/posts\/14426\/revisions"}],"predecessor-version":[{"id":14442,"href":"https:\/\/agora.xtec.cat\/escolalavilapalamos\/wp-json\/wp\/v2\/posts\/14426\/revisions\/14442"}],"wp:attachment":[{"href":"https:\/\/agora.xtec.cat\/escolalavilapalamos\/wp-json\/wp\/v2\/media?parent=14426"}],"wp:term":[{"taxonomy":"category","embeddable":true,"href":"https:\/\/agora.xtec.cat\/escolalavilapalamos\/wp-json\/wp\/v2\/categories?post=14426"},{"taxonomy":"post_tag","embeddable":true,"href":"https:\/\/agora.xtec.cat\/escolalavilapalamos\/wp-json\/wp\/v2\/tags?post=14426"}],"curies":[{"name":"wp","href":"https:\/\/api.w.org\/{rel}","templated":true}]}}