{"id":14424,"date":"2024-03-31T21:13:29","date_gmt":"2024-03-31T19:13:29","guid":{"rendered":"https:\/\/agora.xtec.cat\/escolalavilapalamos\/?p=14424"},"modified":"2024-03-31T21:13:29","modified_gmt":"2024-03-31T19:13:29","slug":"laigua-a-4t","status":"publish","type":"post","link":"https:\/\/agora.xtec.cat\/escolalavilapalamos\/general\/laigua-a-4t\/","title":{"rendered":"L&#8217;AIGUA A 4t"},"content":{"rendered":"<p><a href=\"https:\/\/agora.xtec.cat\/escolalavilapalamos\/wp-content\/uploads\/usu897\/2024\/03\/descarga.jpg\"><img loading=\"lazy\" decoding=\"async\" class=\" wp-image-14480 alignleft\" src=\"https:\/\/agora.xtec.cat\/escolalavilapalamos\/wp-content\/uploads\/usu897\/2024\/03\/descarga.jpg\" alt=\"\" width=\"172\" height=\"126\" \/><\/a>L&#8217;alumnat de 4t ens hem convertit amb uns aut\u00e8ntics experts sobre l&#8217;aigua.\u00a0 Tot all\u00f2 que vam aprendre al primer trimestre, estats de l&#8217;aigua, estructura interna de cada estat i canvis d&#8217;estat, ho hem ampliat donant sentit a la import\u00e0ncia de l&#8217;aigua en aquests moments de sequera tan extrema. Hem pres consci\u00e8ncia del cam\u00ed tan complex que fa l&#8217;aigua fins arribar a casa nostra i com posteriorment, aquesta aigua torna al medi despr\u00e9s de passar per diferents fases de neteja a la depuradora. Paral\u00b7lelament, per entendre b\u00e9 la depuradora, vam realitzar un taller on vam construir-ne una i vam poder observar directament com l&#8217;agiua bruta es netejava, per fer-nos una petita idea del que passa a una depuradora.\u00a0 Per\u00f2 a m\u00e9s, hem apr\u00e8s que a la natura l&#8217;aigua tamb\u00e9 segueix un cicle: el cicle natural de l&#8217;aigua. I no us penseu que acaba aqu\u00ed el nostre aprenentatge ja que tamb\u00e9 hem conegut perqu\u00e8 en el nostre cos \u00e9s tan important l&#8217;aigua.<\/p>\n<p>Aquests aprenentatges ens ha servit per valorar el tresor que \u00e9s l&#8217;aigua i per convence&#8217;ns que ara m\u00e9s que mai, cal estalviar-la. Per aix\u00f2 hem ideat diferents propostes que ens poden ajudar a aconseguir aquests objectius. Hem creat p\u00f2sters molt vistosos amb Canva que hem enganxat per l&#8217;escola.<\/p>\n<p>Tot aquest recorregut, ha finalitzat amb la realitzaci\u00f3 d&#8217;un taller sobre l&#8217;aigua a l&#8217;Escala i amb una exposici\u00f3 als nostres companys i companyes de prim\u00e0ria de l&#8217;escola.<\/p>\n<p>Aix\u00ed que ja ho sabeu, si teniu algun dubte sobre l&#8217;aigua, contacteu amb els i les alumnes de 4t!<\/p>\n<p>Us deixem un recull audiovisual de tot aquest proc\u00e9s.<\/p>\n<p><a href=\"https:\/\/drive.google.com\/drive\/folders\/1-9jSDuSGyRFL25O2qfSfthnJzaU32MwT?usp=drive_link\">V\u00eddeos Cicle urb\u00e0 de l&#8217;aigua.<\/a><\/p>\n<p><a href=\"https:\/\/photos.app.goo.gl\/eKw7Hn3tK2tnF93Z7\">Fotos taller de l&#8217;aigua a l&#8217;Escala<\/a><\/p>\n<p><a href=\"https:\/\/drive.google.com\/drive\/folders\/15kKGYPcVDYnJhZWmh5G2iQuTkgOe--6h?usp=drive_link\">Not\u00edcies Emerg\u00e8ncia per sequera<\/a><\/p>\n<p><a href=\"https:\/\/drive.google.com\/drive\/folders\/1pv9zHydkKr8QsXcGWkTUv0AQo9biHkC1?usp=drive_link\">P\u00f2sters mesures per estalviar aigua<\/a><\/p>\n","protected":false},"excerpt":{"rendered":"<p><a href=\"https:\/\/agora.xtec.cat\/escolalavilapalamos\/wp-content\/uploads\/usu897\/2024\/03\/descarga.jpg\"><\/a>L&#8217;alumnat de 4t ens hem convertit amb uns aut\u00e8ntics experts sobre l&#8217;aigua.\u00a0 Tot all\u00f2 que vam aprendre al primer trimestre, estats de l&#8217;aigua, estructura interna de cada estat i canvis d&#8217;estat, ho hem ampliat donant sentit a la import\u00e0ncia de l&#8217;aigua en aquests moments&hellip;  <a href=\"https:\/\/agora.xtec.cat\/escolalavilapalamos\/general\/laigua-a-4t\/\" title=\"Read L&#8217;AIGUA A 4t\">Llegeix m\u00e9s\u00bb<\/a><\/p>\n","protected":false},"author":132,"featured_media":0,"comment_status":"open","ping_status":"closed","sticky":false,"template":"","format":"standard","meta":{"_bbp_topic_count":0,"_bbp_reply_count":0,"_bbp_total_topic_count":0,"_bbp_total_reply_count":0,"_bbp_voice_count":0,"_bbp_anonymous_reply_count":0,"_bbp_topic_count_hidden":0,"_bbp_reply_count_hidden":0,"_bbp_forum_subforum_count":0,"footnotes":""},"categories":[128,1,4],"tags":[88],"class_list":["post-14424","post","type-post","status-publish","format-standard","hentry","category-comunitat-de-grans","category-general","category-portada","tag-4t"],"post_mailing_queue_ids":[],"_links":{"self":[{"href":"https:\/\/agora.xtec.cat\/escolalavilapalamos\/wp-json\/wp\/v2\/posts\/14424","targetHints":{"allow":["GET"]}}],"collection":[{"href":"https:\/\/agora.xtec.cat\/escolalavilapalamos\/wp-json\/wp\/v2\/posts"}],"about":[{"href":"https:\/\/agora.xtec.cat\/escolalavilapalamos\/wp-json\/wp\/v2\/types\/post"}],"author":[{"embeddable":true,"href":"https:\/\/agora.xtec.cat\/escolalavilapalamos\/wp-json\/wp\/v2\/users\/132"}],"replies":[{"embeddable":true,"href":"https:\/\/agora.xtec.cat\/escolalavilapalamos\/wp-json\/wp\/v2\/comments?post=14424"}],"version-history":[{"count":2,"href":"https:\/\/agora.xtec.cat\/escolalavilapalamos\/wp-json\/wp\/v2\/posts\/14424\/revisions"}],"predecessor-version":[{"id":14481,"href":"https:\/\/agora.xtec.cat\/escolalavilapalamos\/wp-json\/wp\/v2\/posts\/14424\/revisions\/14481"}],"wp:attachment":[{"href":"https:\/\/agora.xtec.cat\/escolalavilapalamos\/wp-json\/wp\/v2\/media?parent=14424"}],"wp:term":[{"taxonomy":"category","embeddable":true,"href":"https:\/\/agora.xtec.cat\/escolalavilapalamos\/wp-json\/wp\/v2\/categories?post=14424"},{"taxonomy":"post_tag","embeddable":true,"href":"https:\/\/agora.xtec.cat\/escolalavilapalamos\/wp-json\/wp\/v2\/tags?post=14424"}],"curies":[{"name":"wp","href":"https:\/\/api.w.org\/{rel}","templated":true}]}}