{"id":14412,"date":"2024-03-20T08:56:55","date_gmt":"2024-03-20T07:56:55","guid":{"rendered":"https:\/\/agora.xtec.cat\/escolalavilapalamos\/?p=14412"},"modified":"2024-03-20T08:57:26","modified_gmt":"2024-03-20T07:57:26","slug":"visitem-el-museu-de-la-pesca","status":"publish","type":"post","link":"https:\/\/agora.xtec.cat\/escolalavilapalamos\/portada\/visitem-el-museu-de-la-pesca\/","title":{"rendered":"2n. Visitem el Museu de la Pesca"},"content":{"rendered":"<p><span style=\"font-weight: 400;\">El divendres 23 de febrer al mat\u00ed els nens i nenes de segon v\u00e0rem fer una sortida per la vila.<\/span><\/p>\n<p><span style=\"font-weight: 400;\">Primer de tot v\u00e0rem anar al far a esmorzar. All\u00e0 la Carme ens va explicar una llegenda sobre una princesa i un gegant que ens va semblar molt interessant.<\/span><\/p>\n<p><span style=\"font-weight: 400;\">Despr\u00e9s v\u00e0rem anar al Museu de la Pesca. All\u00e0 ens esperaven uns monitors que, despr\u00e9s de veure un reportatge, ens varen portar a fer una visita pel museu. Vam veure un vaixell de fusta, m\u00e0quines antigues, una xarxa, maquetes amb els diferents tipus de pesca que practiquen els pescadors de Palam\u00f3s, etc.<\/span><\/p>\n<p><span style=\"font-weight: 400;\">Despr\u00e9s v\u00e0rem poder veure i tocar alguns dels peixos que trobem a la nostra costa.<\/span><\/p>\n<p><span style=\"font-weight: 400;\">Us recomanem aquesta visita perqu\u00e8 a nosaltres ens va agradar molt.<\/span><\/p>\n<p>Si voleu veure les fotos de la nostra visita cliqueu <a href=\"https:\/\/photos.app.goo.gl\/4Ti9jq9YQWFLuvZp7\">aqu\u00ed.<\/a><\/p>\n<p><a href=\"https:\/\/agora.xtec.cat\/escolalavilapalamos\/wp-content\/uploads\/usu897\/2024\/03\/25ad7418-2608-4163-a5cd-4692be9a078b-1.jpg\"><img loading=\"lazy\" decoding=\"async\" class=\"wp-image-14415 aligncenter\" src=\"https:\/\/agora.xtec.cat\/escolalavilapalamos\/wp-content\/uploads\/usu897\/2024\/03\/25ad7418-2608-4163-a5cd-4692be9a078b-1.jpg\" alt=\"\" width=\"453\" height=\"341\" srcset=\"https:\/\/agora.xtec.cat\/escolalavilapalamos\/wp-content\/uploads\/usu897\/2024\/03\/25ad7418-2608-4163-a5cd-4692be9a078b-1.jpg 2040w, https:\/\/agora.xtec.cat\/escolalavilapalamos\/wp-content\/uploads\/usu897\/2024\/03\/25ad7418-2608-4163-a5cd-4692be9a078b-1-300x226.jpg 300w, https:\/\/agora.xtec.cat\/escolalavilapalamos\/wp-content\/uploads\/usu897\/2024\/03\/25ad7418-2608-4163-a5cd-4692be9a078b-1-1024x771.jpg 1024w, https:\/\/agora.xtec.cat\/escolalavilapalamos\/wp-content\/uploads\/usu897\/2024\/03\/25ad7418-2608-4163-a5cd-4692be9a078b-1-768x578.jpg 768w, https:\/\/agora.xtec.cat\/escolalavilapalamos\/wp-content\/uploads\/usu897\/2024\/03\/25ad7418-2608-4163-a5cd-4692be9a078b-1-1536x1157.jpg 1536w, https:\/\/agora.xtec.cat\/escolalavilapalamos\/wp-content\/uploads\/usu897\/2024\/03\/25ad7418-2608-4163-a5cd-4692be9a078b-1-200x150.jpg 200w\" sizes=\"auto, (max-width: 453px) 100vw, 453px\" \/><\/a><\/p>\n","protected":false},"excerpt":{"rendered":"<p>El divendres 23 de febrer al mat\u00ed els nens i nenes de segon v\u00e0rem fer una sortida per la vila.<br \/>\nPrimer de tot v\u00e0rem anar al far a esmorzar. All\u00e0 la Carme ens va explicar una llegenda sobre una princesa i un gegant que ens va&hellip;  <a href=\"https:\/\/agora.xtec.cat\/escolalavilapalamos\/portada\/visitem-el-museu-de-la-pesca\/\" title=\"Read 2n. Visitem el Museu de la Pesca\">Llegeix m\u00e9s\u00bb<\/a><\/p>\n","protected":false},"author":131,"featured_media":14413,"comment_status":"open","ping_status":"closed","sticky":false,"template":"","format":"standard","meta":{"_bbp_topic_count":0,"_bbp_reply_count":0,"_bbp_total_topic_count":0,"_bbp_total_reply_count":0,"_bbp_voice_count":0,"_bbp_anonymous_reply_count":0,"_bbp_topic_count_hidden":0,"_bbp_reply_count_hidden":0,"_bbp_forum_subforum_count":0,"footnotes":""},"categories":[127,4,5],"tags":[],"class_list":["post-14412","post","type-post","status-publish","format-standard","has-post-thumbnail","hentry","category-comunitat-de-mitjans","category-portada","category-primaria"],"post_mailing_queue_ids":[],"_links":{"self":[{"href":"https:\/\/agora.xtec.cat\/escolalavilapalamos\/wp-json\/wp\/v2\/posts\/14412","targetHints":{"allow":["GET"]}}],"collection":[{"href":"https:\/\/agora.xtec.cat\/escolalavilapalamos\/wp-json\/wp\/v2\/posts"}],"about":[{"href":"https:\/\/agora.xtec.cat\/escolalavilapalamos\/wp-json\/wp\/v2\/types\/post"}],"author":[{"embeddable":true,"href":"https:\/\/agora.xtec.cat\/escolalavilapalamos\/wp-json\/wp\/v2\/users\/131"}],"replies":[{"embeddable":true,"href":"https:\/\/agora.xtec.cat\/escolalavilapalamos\/wp-json\/wp\/v2\/comments?post=14412"}],"version-history":[{"count":3,"href":"https:\/\/agora.xtec.cat\/escolalavilapalamos\/wp-json\/wp\/v2\/posts\/14412\/revisions"}],"predecessor-version":[{"id":14417,"href":"https:\/\/agora.xtec.cat\/escolalavilapalamos\/wp-json\/wp\/v2\/posts\/14412\/revisions\/14417"}],"wp:featuredmedia":[{"embeddable":true,"href":"https:\/\/agora.xtec.cat\/escolalavilapalamos\/wp-json\/wp\/v2\/media\/14413"}],"wp:attachment":[{"href":"https:\/\/agora.xtec.cat\/escolalavilapalamos\/wp-json\/wp\/v2\/media?parent=14412"}],"wp:term":[{"taxonomy":"category","embeddable":true,"href":"https:\/\/agora.xtec.cat\/escolalavilapalamos\/wp-json\/wp\/v2\/categories?post=14412"},{"taxonomy":"post_tag","embeddable":true,"href":"https:\/\/agora.xtec.cat\/escolalavilapalamos\/wp-json\/wp\/v2\/tags?post=14412"}],"curies":[{"name":"wp","href":"https:\/\/api.w.org\/{rel}","templated":true}]}}