{"id":14406,"date":"2024-03-18T14:25:27","date_gmt":"2024-03-18T13:25:27","guid":{"rendered":"https:\/\/agora.xtec.cat\/escolalavilapalamos\/?p=14406"},"modified":"2024-03-22T10:06:09","modified_gmt":"2024-03-22T09:06:09","slug":"visita-pedagogica","status":"publish","type":"post","link":"https:\/\/agora.xtec.cat\/escolalavilapalamos\/general\/visita-pedagogica\/","title":{"rendered":"Visita pedag\u00f2gica"},"content":{"rendered":"<p>El dijous 21 de mar\u00e7 vindran a visitar La Vila un grup de professionals italians, amb l&#8217;objectiu de fer xarxa entre professionals del m\u00f3n educatiu i con\u00e8ixer el nostre dia a dia a l&#8217;escola.<\/p>\n<p>S\u00f3n un grup de professionals que treballen a la Cooperativa La Clessidra i venen acompanyats de la Laura Malavasi (\u00e9s pedagoga, formadora i consultora que s&#8217;ocupa de projectes de formaci\u00f3 i coordinaci\u00f3 pedag\u00f2gica per serveis de 0-12 anys en moltes regions d&#8217;It\u00e0lia i tamb\u00e9 col\u00b7labora amb la Universitat de Parma)\u00a0 que ha estat a l&#8217;escola\u00a0 en diverses ocasions.<\/p>\n<p>Venen a con\u00e8ixer\u00a0la mirada pedag\u00f2gica\u00a0 de l&#8217;escola:\u00a0 reflexi\u00f3 sobre el concepte d&#8217;infant, el paper del mestre, els espais interns i la connexi\u00f3 amb l&#8217;exterior, la metodologia de treball&#8230;<\/p>\n<p>Despr\u00e9s d&#8217;aquesta experi\u00e8ncia, tenim la gran sort que dos professionals del centre podran viatjar a It\u00e0lia i formar part d&#8217;un viatge d&#8217;estudis on es podr\u00e0 visitar centres de la zona de M\u00f2dena i con\u00e8ixer el seu funcionament.<\/p>\n<div><\/div>\n<div><a href=\"https:\/\/agora.xtec.cat\/escolalavilapalamos\/wp-content\/uploads\/usu897\/2024\/03\/P1090427-640x480-1.jpg\"><img loading=\"lazy\" decoding=\"async\" class=\"wp-image-14408 aligncenter\" src=\"https:\/\/agora.xtec.cat\/escolalavilapalamos\/wp-content\/uploads\/usu897\/2024\/03\/P1090427-640x480-1.jpg\" alt=\"\" width=\"230\" height=\"173\" srcset=\"https:\/\/agora.xtec.cat\/escolalavilapalamos\/wp-content\/uploads\/usu897\/2024\/03\/P1090427-640x480-1.jpg 640w, https:\/\/agora.xtec.cat\/escolalavilapalamos\/wp-content\/uploads\/usu897\/2024\/03\/P1090427-640x480-1-300x225.jpg 300w, https:\/\/agora.xtec.cat\/escolalavilapalamos\/wp-content\/uploads\/usu897\/2024\/03\/P1090427-640x480-1-200x150.jpg 200w\" sizes=\"auto, (max-width: 230px) 100vw, 230px\" \/><\/a><\/div>\n<div><a href=\"https:\/\/agora.xtec.cat\/escolalavilapalamos\/wp-content\/uploads\/usu897\/2024\/03\/FESTA-ARBRE-MARC19-jardiners.jpg\"><img loading=\"lazy\" decoding=\"async\" class=\"wp-image-14407 aligncenter\" src=\"https:\/\/agora.xtec.cat\/escolalavilapalamos\/wp-content\/uploads\/usu897\/2024\/03\/FESTA-ARBRE-MARC19-jardiners.jpg\" alt=\"\" width=\"225\" height=\"169\" srcset=\"https:\/\/agora.xtec.cat\/escolalavilapalamos\/wp-content\/uploads\/usu897\/2024\/03\/FESTA-ARBRE-MARC19-jardiners.jpg 1600w, https:\/\/agora.xtec.cat\/escolalavilapalamos\/wp-content\/uploads\/usu897\/2024\/03\/FESTA-ARBRE-MARC19-jardiners-300x225.jpg 300w, https:\/\/agora.xtec.cat\/escolalavilapalamos\/wp-content\/uploads\/usu897\/2024\/03\/FESTA-ARBRE-MARC19-jardiners-1024x768.jpg 1024w, https:\/\/agora.xtec.cat\/escolalavilapalamos\/wp-content\/uploads\/usu897\/2024\/03\/FESTA-ARBRE-MARC19-jardiners-768x576.jpg 768w, https:\/\/agora.xtec.cat\/escolalavilapalamos\/wp-content\/uploads\/usu897\/2024\/03\/FESTA-ARBRE-MARC19-jardiners-1536x1152.jpg 1536w, https:\/\/agora.xtec.cat\/escolalavilapalamos\/wp-content\/uploads\/usu897\/2024\/03\/FESTA-ARBRE-MARC19-jardiners-200x150.jpg 200w\" sizes=\"auto, (max-width: 225px) 100vw, 225px\" \/><\/a><\/div>\n","protected":false},"excerpt":{"rendered":"<p>El dijous 21 de mar\u00e7 vindran a visitar La Vila un grup de professionals italians, amb l&#8217;objectiu de fer xarxa entre professionals del m\u00f3n educatiu i con\u00e8ixer el nostre dia a dia a l&#8217;escola.<br \/>\nS\u00f3n un grup de professionals que treballen a la Cooperativa La Clessidra&hellip;  <a href=\"https:\/\/agora.xtec.cat\/escolalavilapalamos\/general\/visita-pedagogica\/\" title=\"Read Visita pedag\u00f2gica\">Llegeix m\u00e9s\u00bb<\/a><\/p>\n","protected":false},"author":1,"featured_media":0,"comment_status":"open","ping_status":"closed","sticky":false,"template":"","format":"standard","meta":{"_bbp_topic_count":0,"_bbp_reply_count":0,"_bbp_total_topic_count":0,"_bbp_total_reply_count":0,"_bbp_voice_count":0,"_bbp_anonymous_reply_count":0,"_bbp_topic_count_hidden":0,"_bbp_reply_count_hidden":0,"_bbp_forum_subforum_count":0,"footnotes":""},"categories":[128,127,2,1,4],"tags":[],"class_list":["post-14406","post","type-post","status-publish","format-standard","hentry","category-comunitat-de-grans","category-comunitat-de-mitjans","category-infantil","category-general","category-portada"],"post_mailing_queue_ids":[],"_links":{"self":[{"href":"https:\/\/agora.xtec.cat\/escolalavilapalamos\/wp-json\/wp\/v2\/posts\/14406","targetHints":{"allow":["GET"]}}],"collection":[{"href":"https:\/\/agora.xtec.cat\/escolalavilapalamos\/wp-json\/wp\/v2\/posts"}],"about":[{"href":"https:\/\/agora.xtec.cat\/escolalavilapalamos\/wp-json\/wp\/v2\/types\/post"}],"author":[{"embeddable":true,"href":"https:\/\/agora.xtec.cat\/escolalavilapalamos\/wp-json\/wp\/v2\/users\/1"}],"replies":[{"embeddable":true,"href":"https:\/\/agora.xtec.cat\/escolalavilapalamos\/wp-json\/wp\/v2\/comments?post=14406"}],"version-history":[{"count":4,"href":"https:\/\/agora.xtec.cat\/escolalavilapalamos\/wp-json\/wp\/v2\/posts\/14406\/revisions"}],"predecessor-version":[{"id":14443,"href":"https:\/\/agora.xtec.cat\/escolalavilapalamos\/wp-json\/wp\/v2\/posts\/14406\/revisions\/14443"}],"wp:attachment":[{"href":"https:\/\/agora.xtec.cat\/escolalavilapalamos\/wp-json\/wp\/v2\/media?parent=14406"}],"wp:term":[{"taxonomy":"category","embeddable":true,"href":"https:\/\/agora.xtec.cat\/escolalavilapalamos\/wp-json\/wp\/v2\/categories?post=14406"},{"taxonomy":"post_tag","embeddable":true,"href":"https:\/\/agora.xtec.cat\/escolalavilapalamos\/wp-json\/wp\/v2\/tags?post=14406"}],"curies":[{"name":"wp","href":"https:\/\/api.w.org\/{rel}","templated":true}]}}