{"id":14401,"date":"2024-03-08T12:00:55","date_gmt":"2024-03-08T11:00:55","guid":{"rendered":"https:\/\/agora.xtec.cat\/escolalavilapalamos\/?p=14401"},"modified":"2024-03-15T13:22:08","modified_gmt":"2024-03-15T12:22:08","slug":"a-1r-celebrem-el-8-de-marc-dia-de-la-dona","status":"publish","type":"post","link":"https:\/\/agora.xtec.cat\/escolalavilapalamos\/general\/a-1r-celebrem-el-8-de-marc-dia-de-la-dona\/","title":{"rendered":"A 1r celebrem el 8 de mar\u00e7, dia de la dona"},"content":{"rendered":"<p>El <strong>divendres 8 de mar\u00e7<\/strong> els nens i nenes de 1r vam celebrar <strong>el dia de la dona<\/strong>.Vam comen\u00e7ar mirant contes i llibres on ens parlessin de dones importants de la hist\u00f2ria i vam treballar alguns contes cl\u00e0ssics millorats i sense els atributs de g\u00e8nere.<\/p>\n<p><a href=\"https:\/\/agora.xtec.cat\/escolalavilapalamos\/wp-content\/uploads\/usu897\/2024\/03\/kevin.jpg\"><img loading=\"lazy\" decoding=\"async\" class=\" wp-image-14404 alignright\" src=\"https:\/\/agora.xtec.cat\/escolalavilapalamos\/wp-content\/uploads\/usu897\/2024\/03\/kevin.jpg\" alt=\"\" width=\"187\" height=\"225\" srcset=\"https:\/\/agora.xtec.cat\/escolalavilapalamos\/wp-content\/uploads\/usu897\/2024\/03\/kevin.jpg 829w, https:\/\/agora.xtec.cat\/escolalavilapalamos\/wp-content\/uploads\/usu897\/2024\/03\/kevin-249x300.jpg 249w, https:\/\/agora.xtec.cat\/escolalavilapalamos\/wp-content\/uploads\/usu897\/2024\/03\/kevin-768x926.jpg 768w\" sizes=\"auto, (max-width: 187px) 100vw, 187px\" \/><\/a>Els llibres van ser <a href=\"https:\/\/www.llibres.cat\/products\/498622-lluitadores.html\"><em>Lluitadores<\/em><\/a> de Cristina Serret i Wuji House, 3 llibres de la col\u00b7lecci\u00f3 <a href=\"https:\/\/www.fnac.es\/c870212\/Els-meus-petits-herois\"><em>Els meus petits herois<\/em><\/a> ( Jane Goodall, Florence Nigtingale i Frida Kahlo) i la <a href=\"https:\/\/www.youtube.com\/watch?v=1m32voDTMmI\"><em>Princesa Kevin<\/em><\/a> de Michael Escoffier i Roland Garrigue.<\/p>\n<p>Despr\u00e9s vam dibuixar una dona important per cadasc\u00fa dels alumnes\u00a0 i vam exposar els treballs al passad\u00eds de la comunitat de mitjans.<\/p>\n<p>Aqu\u00ed podeu veure una mostra dels treballs ( en breu)<\/p>\n","protected":false},"excerpt":{"rendered":"<p>El divendres 8 de mar\u00e7 els nens i nenes de 1r vam celebrar el dia de la dona.Vam comen\u00e7ar mirant contes i llibres on ens parlessin de dones importants de la hist\u00f2ria i vam treballar alguns contes cl\u00e0ssics millorats i sense els atributs de g\u00e8nere.<br \/>\n<a&hellip;  <a href=\"https:\/\/agora.xtec.cat\/escolalavilapalamos\/general\/a-1r-celebrem-el-8-de-marc-dia-de-la-dona\/\" title=\"Read A 1r celebrem el 8 de mar\u00e7, dia de la dona\">Llegeix m\u00e9s\u00bb<\/a><\/p>\n","protected":false},"author":1,"featured_media":0,"comment_status":"open","ping_status":"closed","sticky":false,"template":"","format":"standard","meta":{"_bbp_topic_count":0,"_bbp_reply_count":0,"_bbp_total_topic_count":0,"_bbp_total_reply_count":0,"_bbp_voice_count":0,"_bbp_anonymous_reply_count":0,"_bbp_topic_count_hidden":0,"_bbp_reply_count_hidden":0,"_bbp_forum_subforum_count":0,"footnotes":""},"categories":[127,1,4,5],"tags":[],"class_list":["post-14401","post","type-post","status-publish","format-standard","hentry","category-comunitat-de-mitjans","category-general","category-portada","category-primaria"],"post_mailing_queue_ids":[],"_links":{"self":[{"href":"https:\/\/agora.xtec.cat\/escolalavilapalamos\/wp-json\/wp\/v2\/posts\/14401","targetHints":{"allow":["GET"]}}],"collection":[{"href":"https:\/\/agora.xtec.cat\/escolalavilapalamos\/wp-json\/wp\/v2\/posts"}],"about":[{"href":"https:\/\/agora.xtec.cat\/escolalavilapalamos\/wp-json\/wp\/v2\/types\/post"}],"author":[{"embeddable":true,"href":"https:\/\/agora.xtec.cat\/escolalavilapalamos\/wp-json\/wp\/v2\/users\/1"}],"replies":[{"embeddable":true,"href":"https:\/\/agora.xtec.cat\/escolalavilapalamos\/wp-json\/wp\/v2\/comments?post=14401"}],"version-history":[{"count":3,"href":"https:\/\/agora.xtec.cat\/escolalavilapalamos\/wp-json\/wp\/v2\/posts\/14401\/revisions"}],"predecessor-version":[{"id":14405,"href":"https:\/\/agora.xtec.cat\/escolalavilapalamos\/wp-json\/wp\/v2\/posts\/14401\/revisions\/14405"}],"wp:attachment":[{"href":"https:\/\/agora.xtec.cat\/escolalavilapalamos\/wp-json\/wp\/v2\/media?parent=14401"}],"wp:term":[{"taxonomy":"category","embeddable":true,"href":"https:\/\/agora.xtec.cat\/escolalavilapalamos\/wp-json\/wp\/v2\/categories?post=14401"},{"taxonomy":"post_tag","embeddable":true,"href":"https:\/\/agora.xtec.cat\/escolalavilapalamos\/wp-json\/wp\/v2\/tags?post=14401"}],"curies":[{"name":"wp","href":"https:\/\/api.w.org\/{rel}","templated":true}]}}