{"id":1440,"date":"2019-02-01T08:00:34","date_gmt":"2019-02-01T07:00:34","guid":{"rendered":"http:\/\/agora.xtec.cat\/escolalavilapalamos\/?p=1440"},"modified":"2019-02-05T10:22:54","modified_gmt":"2019-02-05T09:22:54","slug":"vacunes-de-6e","status":"publish","type":"post","link":"https:\/\/agora.xtec.cat\/escolalavilapalamos\/general\/vacunes-de-6e\/","title":{"rendered":"Vacunes de 6\u00e8"},"content":{"rendered":"<h4><a href=\"http:\/\/agora.xtec.cat\/escolalavilapalamos\/wp-content\/uploads\/usu897\/2017\/05\/index.jpg\"><img loading=\"lazy\" decoding=\"async\" class=\"size-full wp-image-1443 alignright\" src=\"http:\/\/agora.xtec.cat\/escolalavilapalamos\/wp-content\/uploads\/usu897\/2017\/05\/index.jpg\" alt=\"index\" width=\"232\" height=\"217\" \/><\/a>Reporters La Vila<\/h4>\n<p><strong>El proper dimarts 5 de febrer a les 11h vindran a posar-nos la seg\u00fcent dosi de vacunes<\/strong>.<strong>. \u00c9s imprescindible que aquest dia el vostre fill\/a porti el carnet de vacunacions. <\/strong><\/p>\n<p>El Departament de Salut administrar\u00e0 <strong>les vacunes als alumnes de 6\u00e8 de l&#8217;escola<\/strong> segons el calendari de vacunes vigent. Les vacunes que s\u2019administren a 6\u00e8 curs de prim\u00e0ria s\u00f3n les seg\u00fcents:<\/p>\n<p>&#8211; La vacuna contra el papil\u00b7lomavirus (VPH); s\u2019administra en dues dosis i \u00fanicament a les noies.<\/p>\n<p>&#8211; La vacuna contra l\u2019hepatitis A (VHA); s\u2019administra en dues dosis.<\/p>\n<p>&#8211; La vacuna contra la varicel\u00b7la (VVZ); s\u2019administra en dues dosis als nois o noies que no hagin passat la malaltia ni hagin rebut la vacuna. En cas que el vostre fill o filla estigui vacunat amb una dosi se li\u2019n administrar\u00e0 la segona.<\/p>\n<p>&#8211; La vacuna antimeninoc\u00f2ccia C conjugada (MCC); s\u2019administra una \u00fanica dosis.<\/p>\n<p>Per a m\u00e9s informaci\u00f3 podeu consultar el <a href=\"http:\/\/canalsalut.gencat.cat\/ca\/salut-a-z\/v\/vacunacions\/vacunacions\/\">Canal Salut del Departament de Salut<\/a> o trucar al tel\u00e8fon 061 del CatSalut Respon.<\/p>\n<p>Us agra\u00efm per endavant la vostra col\u00b7laboraci\u00f3. <a href=\"https:\/\/drive.google.com\/file\/d\/0B0P6-dzfPaO5a05ZcjhKa1hSZ3M\/view?usp=sharing\">Informaci\u00f3 del Departament de Salut<\/a><\/p>\n<p>&nbsp;<\/p>\n","protected":false},"excerpt":{"rendered":"<p><a href=\"http:\/\/agora.xtec.cat\/escolalavilapalamos\/wp-content\/uploads\/usu897\/2017\/05\/index.jpg\"><\/a>Reporters La Vila<br \/>\nEl proper dimarts 5 de febrer a les 11h vindran a posar-nos la seg\u00fcent dosi de vacunes.. \u00c9s imprescindible que aquest dia el vostre fill\/a porti el carnet de vacunacions.<br \/>\nEl Departament de Salut administrar\u00e0 les vacunes als alumnes de 6\u00e8 de&hellip;  <a href=\"https:\/\/agora.xtec.cat\/escolalavilapalamos\/general\/vacunes-de-6e\/\" title=\"Read Vacunes de 6\u00e8\">Llegeix m\u00e9s\u00bb<\/a><\/p>\n","protected":false},"author":1,"featured_media":1443,"comment_status":"open","ping_status":"closed","sticky":false,"template":"","format":"standard","meta":{"_bbp_topic_count":0,"_bbp_reply_count":0,"_bbp_total_topic_count":0,"_bbp_total_reply_count":0,"_bbp_voice_count":0,"_bbp_anonymous_reply_count":0,"_bbp_topic_count_hidden":0,"_bbp_reply_count_hidden":0,"_bbp_forum_subforum_count":0,"footnotes":""},"categories":[15,1,4,5],"tags":[110],"class_list":["post-1440","post","type-post","status-publish","format-standard","has-post-thumbnail","hentry","category-6e","category-general","category-portada","category-primaria","tag-vacunes"],"post_mailing_queue_ids":[],"_links":{"self":[{"href":"https:\/\/agora.xtec.cat\/escolalavilapalamos\/wp-json\/wp\/v2\/posts\/1440","targetHints":{"allow":["GET"]}}],"collection":[{"href":"https:\/\/agora.xtec.cat\/escolalavilapalamos\/wp-json\/wp\/v2\/posts"}],"about":[{"href":"https:\/\/agora.xtec.cat\/escolalavilapalamos\/wp-json\/wp\/v2\/types\/post"}],"author":[{"embeddable":true,"href":"https:\/\/agora.xtec.cat\/escolalavilapalamos\/wp-json\/wp\/v2\/users\/1"}],"replies":[{"embeddable":true,"href":"https:\/\/agora.xtec.cat\/escolalavilapalamos\/wp-json\/wp\/v2\/comments?post=1440"}],"version-history":[{"count":4,"href":"https:\/\/agora.xtec.cat\/escolalavilapalamos\/wp-json\/wp\/v2\/posts\/1440\/revisions"}],"predecessor-version":[{"id":4698,"href":"https:\/\/agora.xtec.cat\/escolalavilapalamos\/wp-json\/wp\/v2\/posts\/1440\/revisions\/4698"}],"wp:featuredmedia":[{"embeddable":true,"href":"https:\/\/agora.xtec.cat\/escolalavilapalamos\/wp-json\/wp\/v2\/media\/1443"}],"wp:attachment":[{"href":"https:\/\/agora.xtec.cat\/escolalavilapalamos\/wp-json\/wp\/v2\/media?parent=1440"}],"wp:term":[{"taxonomy":"category","embeddable":true,"href":"https:\/\/agora.xtec.cat\/escolalavilapalamos\/wp-json\/wp\/v2\/categories?post=1440"},{"taxonomy":"post_tag","embeddable":true,"href":"https:\/\/agora.xtec.cat\/escolalavilapalamos\/wp-json\/wp\/v2\/tags?post=1440"}],"curies":[{"name":"wp","href":"https:\/\/api.w.org\/{rel}","templated":true}]}}