{"id":14376,"date":"2024-03-11T11:57:41","date_gmt":"2024-03-11T10:57:41","guid":{"rendered":"https:\/\/agora.xtec.cat\/escolalavilapalamos\/?p=14376"},"modified":"2024-03-11T11:57:41","modified_gmt":"2024-03-11T10:57:41","slug":"preparem-el-teatre-de-5e","status":"publish","type":"post","link":"https:\/\/agora.xtec.cat\/escolalavilapalamos\/general\/preparem-el-teatre-de-5e\/","title":{"rendered":"PREPAREM EL TEATRE DE 5\u00e8!!"},"content":{"rendered":"<p>Els alumnes de 5\u00e8 estem preparant l&#8217;obra de teatre &#8220;Llegendes de la Costa Brava&#8221; que representarem per la 32\u00aa Mostra de Teatre Infantil de Palam\u00f3s d&#8217;aquest any. Us volem informar que l&#8217;obra es realitzar\u00e0 el proper <strong>30 d&#8217;abril a les 20h<\/strong>. Les entrades es posaran a la VENDA el pr\u00f2xim <b>18 de mar\u00e7 a les 9h del mat\u00ed\u00a0<\/b>en aquest enlla\u00e7: <a href=\"https:\/\/www.lagorga.cat\/espectacle\/920\">https:\/\/www.lagorga.cat\/espectacle\/920<\/a><\/p>\n<p>Per tal d&#8217;aprofitar al m\u00e0xim el treball de l&#8217;obra, hem estat treballant el text teatral i l&#8217;origen del teatre per poder con\u00e8ixer les principals caracter\u00edstiques del teatre i saber d&#8217;on partim i qu\u00e8 estem treballant. Tamb\u00e9 hem\u00a0 llegit el gui\u00f3 i hem conegut diferents Llegendes de la Costa Brava (molt focalitzat a les de Palam\u00f3s). A continuaci\u00f3 hem atribu\u00eft a cada personatge de l&#8217;obra un alumne, per anar-se familiaritzant amb el paper i el rol que duran a terme durant l&#8217;espectacle, d&#8217;aquesta manera poden anar memoritzant el gui\u00f3 i interpretant el seu personatge.<\/p>\n<p>Una altra activitat que hem dut a terme consistia en diferents propostes per practicar la interpretaci\u00f3 i deixar-se anar sobre l&#8217;escenari. Aquests exercicis pretenien que els alumnes adquirissin compet\u00e8ncies per gestionar emocions, parlar amb m\u00e9s seguretat en p\u00fablic, controlar reaccions i emocions i ser conscients dels elements no-verbals que influeixen a la comunicaci\u00f3. Realment han estat exercicis molt profitosos i que ha perm\u00e8s treure el millor de cada alumne pel que fa a expressi\u00f3 i interpretaci\u00f3.<\/p>\n<p>Pensem que la preparaci\u00f3 de la Mostra de Teatre \u00e9s un bon moment per desenvolupar certes compet\u00e8ncies, per fomentar la motivaci\u00f3 i treballar de manera transversal. Realment els alumnes s\u00f3n els protagonistes i permet fomentar h\u00e0bits de conducta que potencien la socialitzaci\u00f3, toler\u00e0ncia i cooperaci\u00f3 entre els companys. Tamb\u00e9\u00a0 fa que siguin autoconscients del seu cos, la seva veu i les seves estrat\u00e8gies comunicatives.<\/p>\n<p>Tamb\u00e9 considerem molt apropiada la mostra, ja que permet realitzar una activitat conjunta entre els dos grups de 5\u00e8 i fa que es relacionin m\u00e9s entre ells i interactu\u00efn.<\/p>\n<p>Considerem que l&#8217;obra tamb\u00e9 \u00e9s una bona oportunitat per seguir apropant-nos al territori i al patrimoni local de la zona. Ja que enguany v\u00e0rem fer l&#8217;exposici\u00f3 dels 90 anys de l&#8217;escola, fer una obra sobre Llegendes de la Costa Brava fa que coneguem i ens apropem m\u00e9s a la vila de Palam\u00f3s i tot el seu entorn.<\/p>\n<p>Clica la seg\u00fcent <a href=\"https:\/\/photos.app.goo.gl\/sByzU2S43TJJVSNb9\">foto<\/a> per veure la galeria amb algunes activitats.<\/p>\n<p><a href=\"https:\/\/photos.app.goo.gl\/sByzU2S43TJJVSNb9\"><img loading=\"lazy\" decoding=\"async\" class=\"wp-image-14383 aligncenter\" src=\"https:\/\/agora.xtec.cat\/escolalavilapalamos\/wp-content\/uploads\/usu897\/2024\/03\/IMG_3727-300x225.jpg\" alt=\"\" width=\"480\" height=\"360\" srcset=\"https:\/\/agora.xtec.cat\/escolalavilapalamos\/wp-content\/uploads\/usu897\/2024\/03\/IMG_3727-300x225.jpg 300w, https:\/\/agora.xtec.cat\/escolalavilapalamos\/wp-content\/uploads\/usu897\/2024\/03\/IMG_3727-1024x768.jpg 1024w, https:\/\/agora.xtec.cat\/escolalavilapalamos\/wp-content\/uploads\/usu897\/2024\/03\/IMG_3727-768x576.jpg 768w, https:\/\/agora.xtec.cat\/escolalavilapalamos\/wp-content\/uploads\/usu897\/2024\/03\/IMG_3727-1536x1152.jpg 1536w, https:\/\/agora.xtec.cat\/escolalavilapalamos\/wp-content\/uploads\/usu897\/2024\/03\/IMG_3727-2048x1536.jpg 2048w, https:\/\/agora.xtec.cat\/escolalavilapalamos\/wp-content\/uploads\/usu897\/2024\/03\/IMG_3727-200x150.jpg 200w\" sizes=\"auto, (max-width: 480px) 100vw, 480px\" \/><\/a><\/p>\n<p>&nbsp;<\/p>\n","protected":false},"excerpt":{"rendered":"<p>Els alumnes de 5\u00e8 estem preparant l&#8217;obra de teatre &#8220;Llegendes de la Costa Brava&#8221; que representarem per la 32\u00aa Mostra de Teatre Infantil de Palam\u00f3s d&#8217;aquest any. Us volem informar que l&#8217;obra es realitzar\u00e0 el proper 30 d&#8217;abril a les 20h. Les entrades es posaran&hellip;  <a href=\"https:\/\/agora.xtec.cat\/escolalavilapalamos\/general\/preparem-el-teatre-de-5e\/\" title=\"Read PREPAREM EL TEATRE DE 5\u00e8!!\">Llegeix m\u00e9s\u00bb<\/a><\/p>\n","protected":false},"author":132,"featured_media":0,"comment_status":"open","ping_status":"closed","sticky":false,"template":"","format":"standard","meta":{"_bbp_topic_count":0,"_bbp_reply_count":0,"_bbp_total_topic_count":0,"_bbp_total_reply_count":0,"_bbp_voice_count":0,"_bbp_anonymous_reply_count":0,"_bbp_topic_count_hidden":0,"_bbp_reply_count_hidden":0,"_bbp_forum_subforum_count":0,"footnotes":""},"categories":[128,1,4,5],"tags":[],"class_list":["post-14376","post","type-post","status-publish","format-standard","hentry","category-comunitat-de-grans","category-general","category-portada","category-primaria"],"post_mailing_queue_ids":[],"_links":{"self":[{"href":"https:\/\/agora.xtec.cat\/escolalavilapalamos\/wp-json\/wp\/v2\/posts\/14376","targetHints":{"allow":["GET"]}}],"collection":[{"href":"https:\/\/agora.xtec.cat\/escolalavilapalamos\/wp-json\/wp\/v2\/posts"}],"about":[{"href":"https:\/\/agora.xtec.cat\/escolalavilapalamos\/wp-json\/wp\/v2\/types\/post"}],"author":[{"embeddable":true,"href":"https:\/\/agora.xtec.cat\/escolalavilapalamos\/wp-json\/wp\/v2\/users\/132"}],"replies":[{"embeddable":true,"href":"https:\/\/agora.xtec.cat\/escolalavilapalamos\/wp-json\/wp\/v2\/comments?post=14376"}],"version-history":[{"count":6,"href":"https:\/\/agora.xtec.cat\/escolalavilapalamos\/wp-json\/wp\/v2\/posts\/14376\/revisions"}],"predecessor-version":[{"id":14389,"href":"https:\/\/agora.xtec.cat\/escolalavilapalamos\/wp-json\/wp\/v2\/posts\/14376\/revisions\/14389"}],"wp:attachment":[{"href":"https:\/\/agora.xtec.cat\/escolalavilapalamos\/wp-json\/wp\/v2\/media?parent=14376"}],"wp:term":[{"taxonomy":"category","embeddable":true,"href":"https:\/\/agora.xtec.cat\/escolalavilapalamos\/wp-json\/wp\/v2\/categories?post=14376"},{"taxonomy":"post_tag","embeddable":true,"href":"https:\/\/agora.xtec.cat\/escolalavilapalamos\/wp-json\/wp\/v2\/tags?post=14376"}],"curies":[{"name":"wp","href":"https:\/\/api.w.org\/{rel}","templated":true}]}}