{"id":14363,"date":"2024-03-10T13:12:06","date_gmt":"2024-03-10T12:12:06","guid":{"rendered":"https:\/\/agora.xtec.cat\/escolalavilapalamos\/?p=14363"},"modified":"2024-03-10T13:12:06","modified_gmt":"2024-03-10T12:12:06","slug":"6e-noticies","status":"publish","type":"post","link":"https:\/\/agora.xtec.cat\/escolalavilapalamos\/portada\/6e-noticies\/","title":{"rendered":"6\u00e8 NOT\u00cdCIES"},"content":{"rendered":"<p style=\"text-align: left;\"><span style=\"font-weight: 400;\">A llengua treballem les diferents tipologies de text i una d\u2019elles \u00e9s la not\u00edcia i els alumnes de 6\u00e8 han redactat les seves\u00a0 aprofitant el carnaval, una festa que es viu i es gaudeix molt tant dins com fora de l\u2019escola. Ells han imaginat que s\u00f3n periodistes i han redactat una not\u00edcia d\u2019aquest carnaval 2024. <a href=\"https:\/\/drive.google.com\/drive\/folders\/1oz_pXuMQCkCw2ejYveZYEeVt62sYAZ_L?usp=sharing\">Aqu\u00ed<\/a> trobareu els resultats finals.<\/span><\/p>\n<p><a href=\"https:\/\/agora.xtec.cat\/escolalavilapalamos\/wp-content\/uploads\/usu897\/2024\/03\/Artur.png\"><img loading=\"lazy\" decoding=\"async\" class=\"wp-image-14365 size-medium aligncenter\" src=\"https:\/\/agora.xtec.cat\/escolalavilapalamos\/wp-content\/uploads\/usu897\/2024\/03\/Artur-212x300.png\" alt=\"\" width=\"212\" height=\"300\" srcset=\"https:\/\/agora.xtec.cat\/escolalavilapalamos\/wp-content\/uploads\/usu897\/2024\/03\/Artur-212x300.png 212w, https:\/\/agora.xtec.cat\/escolalavilapalamos\/wp-content\/uploads\/usu897\/2024\/03\/Artur-724x1024.png 724w, https:\/\/agora.xtec.cat\/escolalavilapalamos\/wp-content\/uploads\/usu897\/2024\/03\/Artur-768x1086.png 768w, https:\/\/agora.xtec.cat\/escolalavilapalamos\/wp-content\/uploads\/usu897\/2024\/03\/Artur-1086x1536.png 1086w, https:\/\/agora.xtec.cat\/escolalavilapalamos\/wp-content\/uploads\/usu897\/2024\/03\/Artur-1448x2048.png 1448w, https:\/\/agora.xtec.cat\/escolalavilapalamos\/wp-content\/uploads\/usu897\/2024\/03\/Artur.png 1587w\" sizes=\"auto, (max-width: 212px) 100vw, 212px\" \/><\/a><\/p>\n","protected":false},"excerpt":{"rendered":"<p>A llengua treballem les diferents tipologies de text i una d\u2019elles \u00e9s la not\u00edcia i els alumnes de 6\u00e8 han redactat les seves\u00a0 aprofitant el carnaval, una festa que es viu i es gaudeix molt tant dins com fora de l\u2019escola. Ells han imaginat que&hellip;  <a href=\"https:\/\/agora.xtec.cat\/escolalavilapalamos\/portada\/6e-noticies\/\" title=\"Read 6\u00e8 NOT\u00cdCIES\">Llegeix m\u00e9s\u00bb<\/a><\/p>\n","protected":false},"author":132,"featured_media":0,"comment_status":"open","ping_status":"closed","sticky":false,"template":"","format":"standard","meta":{"_bbp_topic_count":0,"_bbp_reply_count":0,"_bbp_total_topic_count":0,"_bbp_total_reply_count":0,"_bbp_voice_count":0,"_bbp_anonymous_reply_count":0,"_bbp_topic_count_hidden":0,"_bbp_reply_count_hidden":0,"_bbp_forum_subforum_count":0,"footnotes":""},"categories":[128,4],"tags":[],"class_list":["post-14363","post","type-post","status-publish","format-standard","hentry","category-comunitat-de-grans","category-portada"],"post_mailing_queue_ids":[],"_links":{"self":[{"href":"https:\/\/agora.xtec.cat\/escolalavilapalamos\/wp-json\/wp\/v2\/posts\/14363","targetHints":{"allow":["GET"]}}],"collection":[{"href":"https:\/\/agora.xtec.cat\/escolalavilapalamos\/wp-json\/wp\/v2\/posts"}],"about":[{"href":"https:\/\/agora.xtec.cat\/escolalavilapalamos\/wp-json\/wp\/v2\/types\/post"}],"author":[{"embeddable":true,"href":"https:\/\/agora.xtec.cat\/escolalavilapalamos\/wp-json\/wp\/v2\/users\/132"}],"replies":[{"embeddable":true,"href":"https:\/\/agora.xtec.cat\/escolalavilapalamos\/wp-json\/wp\/v2\/comments?post=14363"}],"version-history":[{"count":5,"href":"https:\/\/agora.xtec.cat\/escolalavilapalamos\/wp-json\/wp\/v2\/posts\/14363\/revisions"}],"predecessor-version":[{"id":14369,"href":"https:\/\/agora.xtec.cat\/escolalavilapalamos\/wp-json\/wp\/v2\/posts\/14363\/revisions\/14369"}],"wp:attachment":[{"href":"https:\/\/agora.xtec.cat\/escolalavilapalamos\/wp-json\/wp\/v2\/media?parent=14363"}],"wp:term":[{"taxonomy":"category","embeddable":true,"href":"https:\/\/agora.xtec.cat\/escolalavilapalamos\/wp-json\/wp\/v2\/categories?post=14363"},{"taxonomy":"post_tag","embeddable":true,"href":"https:\/\/agora.xtec.cat\/escolalavilapalamos\/wp-json\/wp\/v2\/tags?post=14363"}],"curies":[{"name":"wp","href":"https:\/\/api.w.org\/{rel}","templated":true}]}}