{"id":14352,"date":"2024-03-04T13:22:51","date_gmt":"2024-03-04T12:22:51","guid":{"rendered":"https:\/\/agora.xtec.cat\/escolalavilapalamos\/?p=14352"},"modified":"2024-03-04T13:22:51","modified_gmt":"2024-03-04T12:22:51","slug":"les-propostes-a-i3-2","status":"publish","type":"post","link":"https:\/\/agora.xtec.cat\/escolalavilapalamos\/general\/les-propostes-a-i3-2\/","title":{"rendered":"LES PROPOSTES A I3"},"content":{"rendered":"<p><span style=\"font-weight: 400;\">De dimarts a divendres, despr\u00e9s de l\u2019hora del pati, els nens i nenes d\u2019I3 fan propostes dins les aules. Aquestes propostes es troben a totes dues classes i els\/les alumnes d&#8217;ambd\u00f3s grups es reparteixen entre els diferents espais.<\/span><\/p>\n<p><span style=\"font-weight: 400;\">Cada grup de propostes dura dues setmanes, i el primer dimarts es dedica temps a presentar-les i explicar-les perqu\u00e8 tothom s\u00e0piga com funcionen. Algunes estan dirigides per una mestra i altres son m\u00e9s aut\u00f2nomes i lliures. Llavors, cada alumne pot triar on vol anar, tenint en compte que al final de la roda tothom haur\u00e0 d\u2019haver passat per totes les propostes.\u00a0<\/span><\/p>\n<p><span style=\"font-weight: 400;\">D\u2019aquesta manera, s\u2019enriqueixen en molts sentits. Treballen en grup redu\u00eft amb nens i nenes diferents cada vegada, satisfan curiositats a trav\u00e9s d\u2019activitats i materials diversos i fan un esfor\u00e7 tant mental com psicomotriu per tal d\u2019avan\u00e7ar i aconseguir els objectius de cada proposta.<\/span><\/p>\n<p><span style=\"font-weight: 400;\">Quins tipus de <strong>proposta<\/strong> hi ha?<\/span><\/p>\n<ul>\n<li style=\"font-weight: 400;\"><span style=\"font-weight: 400;\">Matem\u00e0tiques (l\u00f2gica, geometria, mesura, c\u00e0lcul, estad\u00edstica, etc.).<\/span><\/li>\n<li style=\"font-weight: 400;\"><span style=\"font-weight: 400;\">Art (plastilina, pintura, modelatge, etc.).<\/span><\/li>\n<li style=\"font-weight: 400;\"><span style=\"font-weight: 400;\">Joc simb\u00f2lic (tren, cuineta, titelles, etc.).<\/span><\/li>\n<li style=\"font-weight: 400;\"><span style=\"font-weight: 400;\">Construccions (taula de llum, peces de fusta, etc.).<\/span><\/li>\n<li style=\"font-weight: 400;\"><span style=\"font-weight: 400;\">Lectoescriptura (consci\u00e8ncia fonol\u00f2gica, tra\u00e7, etc.).<\/span><\/li>\n<\/ul>\n<p><span style=\"font-weight: 400;\">Quan les propostes son dirigides per una de les mestres, es dedica sempre uns minuts al final a formular-nos i respondre les seg\u00fcents <strong>preguntes<\/strong> per tal d\u2019iniciar-nos en l\u2019autoavaluaci\u00f3: :<\/span><\/p>\n<ul>\n<li style=\"font-weight: 400;\"><span style=\"font-weight: 400;\">Qu\u00e8 hem fet?<\/span><\/li>\n<li style=\"font-weight: 400;\"><span style=\"font-weight: 400;\">Com ho hem fet?<\/span><\/li>\n<li style=\"font-weight: 400;\"><span style=\"font-weight: 400;\">Per qu\u00e8 ho hem fet?<\/span><\/li>\n<li style=\"font-weight: 400;\"><span style=\"font-weight: 400;\">Hem apr\u00e8s alguna cosa?<\/span><\/li>\n<\/ul>\n<p><span style=\"font-weight: 400;\">En aquests casos, el rol de les mestres \u00e9s de persona acompanyant, que proposa reptes i que, sense donar solucions, motiva els infants a plantejar-se les preguntes correctes.<\/span><\/p>\n<p><span style=\"font-weight: 400;\">Els nens i nenes solen gaudir molt en aquestes estones. La pr\u00e0ctica i l\u2019experimentaci\u00f3 que proporcionen aquestes activitats compartides els fa pensar, actuar i crear de manera que van aconseguint petites vict\u00f2ries que els ajuden a ser m\u00e9s curiosos i a augmentar les seves ganes d\u2019aprendre i con\u00e8ixer m\u00e9s el que els envolta.<\/span><\/p>\n<p><em>Equip de mestres d&#8217;I3<\/em><\/p>\n<p style=\"text-align: center;\"><span style=\"color: #999999;\"><em>Cliqueu la foto per veure&#8217;n m\u00e9s!<\/em><\/span><em><a href=\"https:\/\/photos.app.goo.gl\/odDnG9pLfQELwiZv9\"><img loading=\"lazy\" decoding=\"async\" class=\"aligncenter size-medium wp-image-14353\" src=\"https:\/\/agora.xtec.cat\/escolalavilapalamos\/wp-content\/uploads\/usu897\/2024\/03\/IMG_20240116_112621-300x225.jpg\" alt=\"\" width=\"300\" height=\"225\" srcset=\"https:\/\/agora.xtec.cat\/escolalavilapalamos\/wp-content\/uploads\/usu897\/2024\/03\/IMG_20240116_112621-300x225.jpg 300w, https:\/\/agora.xtec.cat\/escolalavilapalamos\/wp-content\/uploads\/usu897\/2024\/03\/IMG_20240116_112621-1024x768.jpg 1024w, https:\/\/agora.xtec.cat\/escolalavilapalamos\/wp-content\/uploads\/usu897\/2024\/03\/IMG_20240116_112621-768x576.jpg 768w, https:\/\/agora.xtec.cat\/escolalavilapalamos\/wp-content\/uploads\/usu897\/2024\/03\/IMG_20240116_112621-1536x1152.jpg 1536w, https:\/\/agora.xtec.cat\/escolalavilapalamos\/wp-content\/uploads\/usu897\/2024\/03\/IMG_20240116_112621-2048x1536.jpg 2048w, https:\/\/agora.xtec.cat\/escolalavilapalamos\/wp-content\/uploads\/usu897\/2024\/03\/IMG_20240116_112621-200x150.jpg 200w\" sizes=\"auto, (max-width: 300px) 100vw, 300px\" \/><\/a><\/em><\/p>\n<p style=\"text-align: center;\">\n","protected":false},"excerpt":{"rendered":"<p>De dimarts a divendres, despr\u00e9s de l\u2019hora del pati, els nens i nenes d\u2019I3 fan propostes dins les aules. Aquestes propostes es troben a totes dues classes i els\/les alumnes d&#8217;ambd\u00f3s grups es reparteixen entre els diferents espais.<br \/>\nCada grup de propostes dura dues setmanes, i&hellip;  <a href=\"https:\/\/agora.xtec.cat\/escolalavilapalamos\/general\/les-propostes-a-i3-2\/\" title=\"Read LES PROPOSTES A I3\">Llegeix m\u00e9s\u00bb<\/a><\/p>\n","protected":false},"author":128,"featured_media":0,"comment_status":"open","ping_status":"closed","sticky":false,"template":"","format":"standard","meta":{"_bbp_topic_count":0,"_bbp_reply_count":0,"_bbp_total_topic_count":0,"_bbp_total_reply_count":0,"_bbp_voice_count":0,"_bbp_anonymous_reply_count":0,"_bbp_topic_count_hidden":0,"_bbp_reply_count_hidden":0,"_bbp_forum_subforum_count":0,"footnotes":""},"categories":[2,1,4],"tags":[],"class_list":["post-14352","post","type-post","status-publish","format-standard","hentry","category-infantil","category-general","category-portada"],"post_mailing_queue_ids":[],"_links":{"self":[{"href":"https:\/\/agora.xtec.cat\/escolalavilapalamos\/wp-json\/wp\/v2\/posts\/14352","targetHints":{"allow":["GET"]}}],"collection":[{"href":"https:\/\/agora.xtec.cat\/escolalavilapalamos\/wp-json\/wp\/v2\/posts"}],"about":[{"href":"https:\/\/agora.xtec.cat\/escolalavilapalamos\/wp-json\/wp\/v2\/types\/post"}],"author":[{"embeddable":true,"href":"https:\/\/agora.xtec.cat\/escolalavilapalamos\/wp-json\/wp\/v2\/users\/128"}],"replies":[{"embeddable":true,"href":"https:\/\/agora.xtec.cat\/escolalavilapalamos\/wp-json\/wp\/v2\/comments?post=14352"}],"version-history":[{"count":3,"href":"https:\/\/agora.xtec.cat\/escolalavilapalamos\/wp-json\/wp\/v2\/posts\/14352\/revisions"}],"predecessor-version":[{"id":14359,"href":"https:\/\/agora.xtec.cat\/escolalavilapalamos\/wp-json\/wp\/v2\/posts\/14352\/revisions\/14359"}],"wp:attachment":[{"href":"https:\/\/agora.xtec.cat\/escolalavilapalamos\/wp-json\/wp\/v2\/media?parent=14352"}],"wp:term":[{"taxonomy":"category","embeddable":true,"href":"https:\/\/agora.xtec.cat\/escolalavilapalamos\/wp-json\/wp\/v2\/categories?post=14352"},{"taxonomy":"post_tag","embeddable":true,"href":"https:\/\/agora.xtec.cat\/escolalavilapalamos\/wp-json\/wp\/v2\/tags?post=14352"}],"curies":[{"name":"wp","href":"https:\/\/api.w.org\/{rel}","templated":true}]}}