{"id":14334,"date":"2024-02-29T17:18:26","date_gmt":"2024-02-29T16:18:26","guid":{"rendered":"https:\/\/agora.xtec.cat\/escolalavilapalamos\/?p=14334"},"modified":"2024-02-29T17:18:26","modified_gmt":"2024-02-29T16:18:26","slug":"els-cursos-de-5e-vivim-la-musica","status":"publish","type":"post","link":"https:\/\/agora.xtec.cat\/escolalavilapalamos\/general\/els-cursos-de-5e-vivim-la-musica\/","title":{"rendered":"Els cursos de 5\u00e8 vivim la m\u00fasica!"},"content":{"rendered":"<p><span style=\"font-weight: 400;\">A les hores de m\u00fasica gaudim i vivim la m\u00fasica tant com podem! El nostre objectiu \u00e9s aprendre nous sabers musicals, per\u00f2 sense deixar de passar-ho b\u00e9! Aix\u00f2 ho anem aconseguint creant din\u00e0miques diferents i maneres de treballar l\u00fadiques per\u00f2 al mateix temps amb uns objectius clars. Des del treball de la percussi\u00f3 corporal, fins l\u2019aprenentatge del llenguatge musical, passant per la dansa i els instruments\u2026 Intentem anar creant nous projectes que ens motivin i ens facin gaudir d\u2019all\u00f2 m\u00e9s!<\/span><\/p>\n<p><span style=\"font-weight: 400;\">Si cliqueu a l\u2019enlla\u00e7 trobareu una petita mostra d\u2019activitats que anem fent. Ja us avancem que en vindran moltes m\u00e9s!<\/span><\/p>\n<p><a href=\"https:\/\/drive.google.com\/drive\/u\/0\/folders\/1-s38xZzUETfGYF0qwlr1sJ5ZQyMWYW0f\">https:\/\/drive.google.com\/drive\/u\/0\/folders\/1-s38xZzUETfGYF0qwlr1sJ5ZQyMWYW0f<\/a><\/p>\n<p><a href=\"https:\/\/agora.xtec.cat\/escolalavilapalamos\/wp-content\/uploads\/usu897\/2024\/02\/WhatsApp-Image-2024-02-29-at-11.23.59.jpeg\"><img loading=\"lazy\" decoding=\"async\" class=\"aligncenter size-medium wp-image-14335\" src=\"https:\/\/agora.xtec.cat\/escolalavilapalamos\/wp-content\/uploads\/usu897\/2024\/02\/WhatsApp-Image-2024-02-29-at-11.23.59-300x135.jpeg\" alt=\"\" width=\"300\" height=\"135\" srcset=\"https:\/\/agora.xtec.cat\/escolalavilapalamos\/wp-content\/uploads\/usu897\/2024\/02\/WhatsApp-Image-2024-02-29-at-11.23.59-300x135.jpeg 300w, https:\/\/agora.xtec.cat\/escolalavilapalamos\/wp-content\/uploads\/usu897\/2024\/02\/WhatsApp-Image-2024-02-29-at-11.23.59-1024x461.jpeg 1024w, https:\/\/agora.xtec.cat\/escolalavilapalamos\/wp-content\/uploads\/usu897\/2024\/02\/WhatsApp-Image-2024-02-29-at-11.23.59-768x346.jpeg 768w, https:\/\/agora.xtec.cat\/escolalavilapalamos\/wp-content\/uploads\/usu897\/2024\/02\/WhatsApp-Image-2024-02-29-at-11.23.59-1536x691.jpeg 1536w, https:\/\/agora.xtec.cat\/escolalavilapalamos\/wp-content\/uploads\/usu897\/2024\/02\/WhatsApp-Image-2024-02-29-at-11.23.59.jpeg 1600w\" sizes=\"auto, (max-width: 300px) 100vw, 300px\" \/><\/a><\/p>\n","protected":false},"excerpt":{"rendered":"<p>A les hores de m\u00fasica gaudim i vivim la m\u00fasica tant com podem! El nostre objectiu \u00e9s aprendre nous sabers musicals, per\u00f2 sense deixar de passar-ho b\u00e9! Aix\u00f2 ho anem aconseguint creant din\u00e0miques diferents i maneres de treballar l\u00fadiques per\u00f2 al mateix temps amb uns&hellip;  <a href=\"https:\/\/agora.xtec.cat\/escolalavilapalamos\/general\/els-cursos-de-5e-vivim-la-musica\/\" title=\"Read Els cursos de 5\u00e8 vivim la m\u00fasica!\">Llegeix m\u00e9s\u00bb<\/a><\/p>\n","protected":false},"author":132,"featured_media":0,"comment_status":"open","ping_status":"closed","sticky":false,"template":"","format":"standard","meta":{"_bbp_topic_count":0,"_bbp_reply_count":0,"_bbp_total_topic_count":0,"_bbp_total_reply_count":0,"_bbp_voice_count":0,"_bbp_anonymous_reply_count":0,"_bbp_topic_count_hidden":0,"_bbp_reply_count_hidden":0,"_bbp_forum_subforum_count":0,"footnotes":""},"categories":[128,1,4],"tags":[],"class_list":["post-14334","post","type-post","status-publish","format-standard","hentry","category-comunitat-de-grans","category-general","category-portada"],"post_mailing_queue_ids":[],"_links":{"self":[{"href":"https:\/\/agora.xtec.cat\/escolalavilapalamos\/wp-json\/wp\/v2\/posts\/14334","targetHints":{"allow":["GET"]}}],"collection":[{"href":"https:\/\/agora.xtec.cat\/escolalavilapalamos\/wp-json\/wp\/v2\/posts"}],"about":[{"href":"https:\/\/agora.xtec.cat\/escolalavilapalamos\/wp-json\/wp\/v2\/types\/post"}],"author":[{"embeddable":true,"href":"https:\/\/agora.xtec.cat\/escolalavilapalamos\/wp-json\/wp\/v2\/users\/132"}],"replies":[{"embeddable":true,"href":"https:\/\/agora.xtec.cat\/escolalavilapalamos\/wp-json\/wp\/v2\/comments?post=14334"}],"version-history":[{"count":3,"href":"https:\/\/agora.xtec.cat\/escolalavilapalamos\/wp-json\/wp\/v2\/posts\/14334\/revisions"}],"predecessor-version":[{"id":14338,"href":"https:\/\/agora.xtec.cat\/escolalavilapalamos\/wp-json\/wp\/v2\/posts\/14334\/revisions\/14338"}],"wp:attachment":[{"href":"https:\/\/agora.xtec.cat\/escolalavilapalamos\/wp-json\/wp\/v2\/media?parent=14334"}],"wp:term":[{"taxonomy":"category","embeddable":true,"href":"https:\/\/agora.xtec.cat\/escolalavilapalamos\/wp-json\/wp\/v2\/categories?post=14334"},{"taxonomy":"post_tag","embeddable":true,"href":"https:\/\/agora.xtec.cat\/escolalavilapalamos\/wp-json\/wp\/v2\/tags?post=14334"}],"curies":[{"name":"wp","href":"https:\/\/api.w.org\/{rel}","templated":true}]}}