{"id":14328,"date":"2024-02-28T15:45:21","date_gmt":"2024-02-28T14:45:21","guid":{"rendered":"https:\/\/agora.xtec.cat\/escolalavilapalamos\/?p=14328"},"modified":"2024-02-28T15:45:50","modified_gmt":"2024-02-28T14:45:50","slug":"si-ma-ma-ka-canco-dansa-a-1r","status":"publish","type":"post","link":"https:\/\/agora.xtec.cat\/escolalavilapalamos\/general\/si-ma-ma-ka-canco-dansa-a-1r\/","title":{"rendered":"SI MA MA KA! Can\u00e7\u00f3-dansa a 1r."},"content":{"rendered":"<p><span style=\"font-weight: 400;\">Durant el mes de febrer els cursos de 1r han apr\u00e8s a cantar i ballar la can\u00e7\u00f3: Si ma ma ka! \u00c9s una can\u00e7\u00f3 africana que ens ha perm\u00e8s treballar melodia, dansa i ritme alhora. Primer vam aprendre la lletra que mica en mica vam acompanyar amb moviments. Quan la lletra de la can\u00e7\u00f3 i els moviments ja estaven ben adquirits, vam aprendre els passos de la dansa.<\/span><\/p>\n<p><span style=\"font-weight: 400;\">Nom\u00e9s ens quedava fer un petit acompanyament amb instruments de percussi\u00f3, amb els quals f\u00e8iem inc\u00eds en la pulsaci\u00f3 de la can\u00e7\u00f3.<\/span><\/p>\n<p><span style=\"font-weight: 400;\">Cantant i ballant hem gaudit com mai.<\/span><\/p>\n<p><span style=\"font-weight: 400;\">Si cliqueu a l\u2019enlla\u00e7 en veureu el resultat.\u00a0<\/span><\/p>\n<p><a href=\"https:\/\/drive.google.com\/drive\/u\/0\/folders\/1_ddVS5sGotBFlDiHcFjS1WW0xwKq7fnF\">SI MA MA KA<\/a><\/p>\n<p><img loading=\"lazy\" decoding=\"async\" class=\"alignleft\" src=\"https:\/\/i1.sndcdn.com\/artworks-000160443941-zkrbt4-t500x500.jpg\" alt=\"Stream SI MA MA KAA (Melod\u00eda Y Acompa\u00f1amiento) by Grettel | Listen online for free on SoundCloud\" width=\"349\" height=\"349\" \/><\/p>\n<p>&nbsp;<\/p>\n<p>&nbsp;<\/p>\n","protected":false},"excerpt":{"rendered":"<p>Durant el mes de febrer els cursos de 1r han apr\u00e8s a cantar i ballar la can\u00e7\u00f3: Si ma ma ka! \u00c9s una can\u00e7\u00f3 africana que ens ha perm\u00e8s treballar melodia, dansa i ritme alhora. Primer vam aprendre la lletra que mica en mica vam&hellip;  <a href=\"https:\/\/agora.xtec.cat\/escolalavilapalamos\/general\/si-ma-ma-ka-canco-dansa-a-1r\/\" title=\"Read SI MA MA KA! Can\u00e7\u00f3-dansa a 1r.\">Llegeix m\u00e9s\u00bb<\/a><\/p>\n","protected":false},"author":131,"featured_media":0,"comment_status":"open","ping_status":"closed","sticky":false,"template":"","format":"standard","meta":{"_bbp_topic_count":0,"_bbp_reply_count":0,"_bbp_total_topic_count":0,"_bbp_total_reply_count":0,"_bbp_voice_count":0,"_bbp_anonymous_reply_count":0,"_bbp_topic_count_hidden":0,"_bbp_reply_count_hidden":0,"_bbp_forum_subforum_count":0,"footnotes":""},"categories":[127,67,1,4],"tags":[],"class_list":["post-14328","post","type-post","status-publish","format-standard","hentry","category-comunitat-de-mitjans","category-especialistes","category-general","category-portada"],"post_mailing_queue_ids":[],"_links":{"self":[{"href":"https:\/\/agora.xtec.cat\/escolalavilapalamos\/wp-json\/wp\/v2\/posts\/14328","targetHints":{"allow":["GET"]}}],"collection":[{"href":"https:\/\/agora.xtec.cat\/escolalavilapalamos\/wp-json\/wp\/v2\/posts"}],"about":[{"href":"https:\/\/agora.xtec.cat\/escolalavilapalamos\/wp-json\/wp\/v2\/types\/post"}],"author":[{"embeddable":true,"href":"https:\/\/agora.xtec.cat\/escolalavilapalamos\/wp-json\/wp\/v2\/users\/131"}],"replies":[{"embeddable":true,"href":"https:\/\/agora.xtec.cat\/escolalavilapalamos\/wp-json\/wp\/v2\/comments?post=14328"}],"version-history":[{"count":3,"href":"https:\/\/agora.xtec.cat\/escolalavilapalamos\/wp-json\/wp\/v2\/posts\/14328\/revisions"}],"predecessor-version":[{"id":14333,"href":"https:\/\/agora.xtec.cat\/escolalavilapalamos\/wp-json\/wp\/v2\/posts\/14328\/revisions\/14333"}],"wp:attachment":[{"href":"https:\/\/agora.xtec.cat\/escolalavilapalamos\/wp-json\/wp\/v2\/media?parent=14328"}],"wp:term":[{"taxonomy":"category","embeddable":true,"href":"https:\/\/agora.xtec.cat\/escolalavilapalamos\/wp-json\/wp\/v2\/categories?post=14328"},{"taxonomy":"post_tag","embeddable":true,"href":"https:\/\/agora.xtec.cat\/escolalavilapalamos\/wp-json\/wp\/v2\/tags?post=14328"}],"curies":[{"name":"wp","href":"https:\/\/api.w.org\/{rel}","templated":true}]}}