{"id":14321,"date":"2024-02-27T17:24:46","date_gmt":"2024-02-27T16:24:46","guid":{"rendered":"https:\/\/agora.xtec.cat\/escolalavilapalamos\/?p=14321"},"modified":"2024-02-27T17:24:46","modified_gmt":"2024-02-27T16:24:46","slug":"segon-pagament-de-les-colonies-4t-i-5e","status":"publish","type":"post","link":"https:\/\/agora.xtec.cat\/escolalavilapalamos\/general\/segon-pagament-de-les-colonies-4t-i-5e\/","title":{"rendered":"Segon pagament de les col\u00f2nies. 4t i 5\u00e8"},"content":{"rendered":"<p><a href=\"https:\/\/agora.xtec.cat\/escolalavilapalamos\/wp-content\/uploads\/usu897\/2024\/02\/La-Talaia.jpg\"><img loading=\"lazy\" decoding=\"async\" class=\" wp-image-14322 aligncenter\" src=\"https:\/\/agora.xtec.cat\/escolalavilapalamos\/wp-content\/uploads\/usu897\/2024\/02\/La-Talaia.jpg\" alt=\"\" width=\"1009\" height=\"519\" srcset=\"https:\/\/agora.xtec.cat\/escolalavilapalamos\/wp-content\/uploads\/usu897\/2024\/02\/La-Talaia.jpg 1174w, https:\/\/agora.xtec.cat\/escolalavilapalamos\/wp-content\/uploads\/usu897\/2024\/02\/La-Talaia-300x154.jpg 300w, https:\/\/agora.xtec.cat\/escolalavilapalamos\/wp-content\/uploads\/usu897\/2024\/02\/La-Talaia-1024x527.jpg 1024w, https:\/\/agora.xtec.cat\/escolalavilapalamos\/wp-content\/uploads\/usu897\/2024\/02\/La-Talaia-768x395.jpg 768w\" sizes=\"auto, (max-width: 1009px) 100vw, 1009px\" \/><\/a><\/p>\n<p>El 3 i 4 de juny de 2024 els nens i les nenes de 4t i 5\u00e8 van de <strong>col\u00f2nies a La Talaia de Cass\u00e0 de la Selva. <\/strong>El preu \u00e9s de 95 \u20ac. Aix\u00f2 inclou autocar, estada i tallers, i tamb\u00e9 la comissi\u00f3 de La Caixa. <strong>El mes de novembre es va fer un primer pagament de bestreta de 50\u20ac.<br \/>\n<\/strong><\/p>\n<p>Ara s\u2019ha de fer\u00a0<strong>el segon pagament de 45 \u20ac mitjan\u00e7ant el codi de barres. <\/strong><strong>Cal indicar els noms i cognoms i curs de l\u2019alumne.<\/strong><\/p>\n<p>Per\u00edode de pagament:\u00a0<strong>del dijous 29 de febrer al dimarts 12 de mar\u00e7 incl\u00f2s<\/strong>. Cal retornar el comprovant d\u2019ingr\u00e9s a la\/el tutora\/r no m\u00e9s tard del dimarts 12 de mar\u00e7.<\/p>\n<p>&nbsp;<\/p>\n<p><em><strong>Atenci\u00f3 important:<\/strong> En el cas que una fam\u00edlia decideixi que el seu fill\/a no vagi de col\u00f2nies no es retorna la bestreta del primer pagament.<\/em><\/p>\n<p>Us podeu descarregar els codis de barres aqu\u00ed:\u00a0<a href=\"https:\/\/drive.google.com\/file\/d\/1XQySNLbemCJ-KmMNny-cAMMZGvvqow5Z\/view?usp=drive_link\">Comunitat de grans<\/a><\/p>\n","protected":false},"excerpt":{"rendered":"<p><a href=\"https:\/\/agora.xtec.cat\/escolalavilapalamos\/wp-content\/uploads\/usu897\/2024\/02\/La-Talaia.jpg\"><\/a><br \/>\nEl 3 i 4 de juny de 2024 els nens i les nenes de 4t i 5\u00e8 van de col\u00f2nies a La Talaia de Cass\u00e0 de la Selva. El preu \u00e9s de 95 \u20ac. Aix\u00f2 inclou autocar, estada i tallers, i tamb\u00e9 la comissi\u00f3&hellip;  <a href=\"https:\/\/agora.xtec.cat\/escolalavilapalamos\/general\/segon-pagament-de-les-colonies-4t-i-5e\/\" title=\"Read Segon pagament de les col\u00f2nies. 4t i 5\u00e8\">Llegeix m\u00e9s\u00bb<\/a><\/p>\n","protected":false},"author":1,"featured_media":0,"comment_status":"open","ping_status":"closed","sticky":false,"template":"","format":"standard","meta":{"_bbp_topic_count":0,"_bbp_reply_count":0,"_bbp_total_topic_count":0,"_bbp_total_reply_count":0,"_bbp_voice_count":0,"_bbp_anonymous_reply_count":0,"_bbp_topic_count_hidden":0,"_bbp_reply_count_hidden":0,"_bbp_forum_subforum_count":0,"footnotes":""},"categories":[128,1,4],"tags":[],"class_list":["post-14321","post","type-post","status-publish","format-standard","hentry","category-comunitat-de-grans","category-general","category-portada"],"post_mailing_queue_ids":[],"_links":{"self":[{"href":"https:\/\/agora.xtec.cat\/escolalavilapalamos\/wp-json\/wp\/v2\/posts\/14321","targetHints":{"allow":["GET"]}}],"collection":[{"href":"https:\/\/agora.xtec.cat\/escolalavilapalamos\/wp-json\/wp\/v2\/posts"}],"about":[{"href":"https:\/\/agora.xtec.cat\/escolalavilapalamos\/wp-json\/wp\/v2\/types\/post"}],"author":[{"embeddable":true,"href":"https:\/\/agora.xtec.cat\/escolalavilapalamos\/wp-json\/wp\/v2\/users\/1"}],"replies":[{"embeddable":true,"href":"https:\/\/agora.xtec.cat\/escolalavilapalamos\/wp-json\/wp\/v2\/comments?post=14321"}],"version-history":[{"count":1,"href":"https:\/\/agora.xtec.cat\/escolalavilapalamos\/wp-json\/wp\/v2\/posts\/14321\/revisions"}],"predecessor-version":[{"id":14323,"href":"https:\/\/agora.xtec.cat\/escolalavilapalamos\/wp-json\/wp\/v2\/posts\/14321\/revisions\/14323"}],"wp:attachment":[{"href":"https:\/\/agora.xtec.cat\/escolalavilapalamos\/wp-json\/wp\/v2\/media?parent=14321"}],"wp:term":[{"taxonomy":"category","embeddable":true,"href":"https:\/\/agora.xtec.cat\/escolalavilapalamos\/wp-json\/wp\/v2\/categories?post=14321"},{"taxonomy":"post_tag","embeddable":true,"href":"https:\/\/agora.xtec.cat\/escolalavilapalamos\/wp-json\/wp\/v2\/tags?post=14321"}],"curies":[{"name":"wp","href":"https:\/\/api.w.org\/{rel}","templated":true}]}}