{"id":14316,"date":"2024-02-27T17:05:53","date_gmt":"2024-02-27T16:05:53","guid":{"rendered":"https:\/\/agora.xtec.cat\/escolalavilapalamos\/?p=14316"},"modified":"2024-02-27T17:06:46","modified_gmt":"2024-02-27T16:06:46","slug":"segon-pagament-de-les-colonies-comunitat-de-mitjans-2","status":"publish","type":"post","link":"https:\/\/agora.xtec.cat\/escolalavilapalamos\/general\/segon-pagament-de-les-colonies-comunitat-de-mitjans-2\/","title":{"rendered":"Segon pagament de les col\u00f2nies. Comunitat de mitjans"},"content":{"rendered":"<p><a href=\"https:\/\/agora.xtec.cat\/escolalavilapalamos\/wp-content\/uploads\/usu897\/2024\/02\/Pou-del-glac.jpg\"><img loading=\"lazy\" decoding=\"async\" class=\"size-full wp-image-14317 alignleft\" src=\"https:\/\/agora.xtec.cat\/escolalavilapalamos\/wp-content\/uploads\/usu897\/2024\/02\/Pou-del-glac.jpg\" alt=\"\" width=\"276\" height=\"183\" \/><\/a>El 17 i 18 d\u2019abril de 2024 la comunitat de mitjans va de <strong>col\u00f2nies al Pou del gla\u00e7 de la Bisbal d&#8217;Empord\u00e0. <\/strong>El preu \u00e9s de 102 \u20ac. Aix\u00f2 inclou autocar, estada i tallers, i tamb\u00e9 la comissi\u00f3 de La Caixa. <strong>El mes de novembre es va fer un primer pagament de bestreta de 50\u20ac.<br \/>\n<\/strong><\/p>\n<p>Ara s\u2019ha de fer\u00a0<strong>el segon pagament de 52 \u20ac mitjan\u00e7ant el codi de barres. <\/strong><strong>Cal indicar els noms i cognoms i curs de l\u2019alumne.<\/strong><\/p>\n<p>Per\u00edode de pagament:\u00a0<strong>del dijous 29 de febrer al dimarts 12 de mar\u00e7 incl\u00f2s<\/strong>. Cal retornar el comprovant d\u2019ingr\u00e9s a la\/el tutora\/r no m\u00e9s tard del dimarts 12 de mar\u00e7.<\/p>\n<p>&nbsp;<\/p>\n<p><em><strong>Atenci\u00f3 important:<\/strong>\u00a0En el cas que una fam\u00edlia decideixi que el seu fill\/a no vagi de col\u00f2nies no es retorna la bestreta del primer pagament.\u00a0<\/em><\/p>\n<p>Us podeu descarregar els codis de barres aqu\u00ed:\u00a0<a href=\"https:\/\/drive.google.com\/file\/d\/176HJiDAh3sURt9B_yN0l4nuA2GgWm507\/view?usp=drive_link\">Comunitat de mitjans\u00a0<\/a><\/p>\n","protected":false},"excerpt":{"rendered":"<p><a href=\"https:\/\/agora.xtec.cat\/escolalavilapalamos\/wp-content\/uploads\/usu897\/2024\/02\/Pou-del-glac.jpg\"><\/a>El 17 i 18 d\u2019abril de 2024 la comunitat de mitjans va de col\u00f2nies al Pou del gla\u00e7 de la Bisbal d&#8217;Empord\u00e0. El preu \u00e9s de 102 \u20ac. Aix\u00f2 inclou autocar, estada i tallers, i tamb\u00e9 la comissi\u00f3 de La Caixa. El mes de&hellip;  <a href=\"https:\/\/agora.xtec.cat\/escolalavilapalamos\/general\/segon-pagament-de-les-colonies-comunitat-de-mitjans-2\/\" title=\"Read Segon pagament de les col\u00f2nies. Comunitat de mitjans\">Llegeix m\u00e9s\u00bb<\/a><\/p>\n","protected":false},"author":1,"featured_media":0,"comment_status":"open","ping_status":"closed","sticky":false,"template":"","format":"standard","meta":{"_bbp_topic_count":0,"_bbp_reply_count":0,"_bbp_total_topic_count":0,"_bbp_total_reply_count":0,"_bbp_voice_count":0,"_bbp_anonymous_reply_count":0,"_bbp_topic_count_hidden":0,"_bbp_reply_count_hidden":0,"_bbp_forum_subforum_count":0,"footnotes":""},"categories":[127,1,4],"tags":[],"class_list":["post-14316","post","type-post","status-publish","format-standard","hentry","category-comunitat-de-mitjans","category-general","category-portada"],"post_mailing_queue_ids":[],"_links":{"self":[{"href":"https:\/\/agora.xtec.cat\/escolalavilapalamos\/wp-json\/wp\/v2\/posts\/14316","targetHints":{"allow":["GET"]}}],"collection":[{"href":"https:\/\/agora.xtec.cat\/escolalavilapalamos\/wp-json\/wp\/v2\/posts"}],"about":[{"href":"https:\/\/agora.xtec.cat\/escolalavilapalamos\/wp-json\/wp\/v2\/types\/post"}],"author":[{"embeddable":true,"href":"https:\/\/agora.xtec.cat\/escolalavilapalamos\/wp-json\/wp\/v2\/users\/1"}],"replies":[{"embeddable":true,"href":"https:\/\/agora.xtec.cat\/escolalavilapalamos\/wp-json\/wp\/v2\/comments?post=14316"}],"version-history":[{"count":2,"href":"https:\/\/agora.xtec.cat\/escolalavilapalamos\/wp-json\/wp\/v2\/posts\/14316\/revisions"}],"predecessor-version":[{"id":14319,"href":"https:\/\/agora.xtec.cat\/escolalavilapalamos\/wp-json\/wp\/v2\/posts\/14316\/revisions\/14319"}],"wp:attachment":[{"href":"https:\/\/agora.xtec.cat\/escolalavilapalamos\/wp-json\/wp\/v2\/media?parent=14316"}],"wp:term":[{"taxonomy":"category","embeddable":true,"href":"https:\/\/agora.xtec.cat\/escolalavilapalamos\/wp-json\/wp\/v2\/categories?post=14316"},{"taxonomy":"post_tag","embeddable":true,"href":"https:\/\/agora.xtec.cat\/escolalavilapalamos\/wp-json\/wp\/v2\/tags?post=14316"}],"curies":[{"name":"wp","href":"https:\/\/api.w.org\/{rel}","templated":true}]}}