{"id":14307,"date":"2024-02-27T16:51:36","date_gmt":"2024-02-27T15:51:36","guid":{"rendered":"https:\/\/agora.xtec.cat\/escolalavilapalamos\/?p=14307"},"modified":"2024-02-27T17:07:35","modified_gmt":"2024-02-27T16:07:35","slug":"segon-pagament-de-les-colonies-comunitat-de-petits-2","status":"publish","type":"post","link":"https:\/\/agora.xtec.cat\/escolalavilapalamos\/general\/segon-pagament-de-les-colonies-comunitat-de-petits-2\/","title":{"rendered":"Segon pagament de les col\u00f2nies. Comunitat de petits"},"content":{"rendered":"<p>&nbsp;<\/p>\n<p><a href=\"https:\/\/agora.xtec.cat\/escolalavilapalamos\/wp-content\/uploads\/usu897\/2024\/02\/Locell-de-Corca.jpeg\"><img loading=\"lazy\" decoding=\"async\" class=\"wp-image-14311 aligncenter\" src=\"https:\/\/agora.xtec.cat\/escolalavilapalamos\/wp-content\/uploads\/usu897\/2024\/02\/Locell-de-Corca.jpeg\" alt=\"\" width=\"560\" height=\"315\" srcset=\"https:\/\/agora.xtec.cat\/escolalavilapalamos\/wp-content\/uploads\/usu897\/2024\/02\/Locell-de-Corca.jpeg 1024w, https:\/\/agora.xtec.cat\/escolalavilapalamos\/wp-content\/uploads\/usu897\/2024\/02\/Locell-de-Corca-300x169.jpeg 300w, https:\/\/agora.xtec.cat\/escolalavilapalamos\/wp-content\/uploads\/usu897\/2024\/02\/Locell-de-Corca-768x432.jpeg 768w\" sizes=\"auto, (max-width: 560px) 100vw, 560px\" \/><\/a><\/p>\n<p>El 9 i 10 d&#8217;abril de 2024 la comunitat de petits va de <strong>col\u00f2nies a <span class=\"OYPEnA text-decoration-none text-strikethrough-none\">L\u2019ocell de Cor\u00e7\u00e0<\/span>. <\/strong>El preu \u00e9s de 103 \u20ac. Aix\u00f2 inclou autocar, estada i tallers, i tamb\u00e9 la comissi\u00f3 de La Caixa. <strong>El mes de novembre es va fer un primer pagament de bestreta de 50\u20ac.<br \/>\n<\/strong><\/p>\n<p>Ara s\u2019ha de fer\u00a0<strong>el segon pagament de 53 \u20ac mitjan\u00e7ant el codi de barres. <\/strong><strong>Cal indicar els noms i cognoms i curs de l\u2019alumne.<\/strong><\/p>\n<p>Per\u00edode de pagament:\u00a0<strong>del dijous 29 de febrer al dimarts 12 de mar\u00e7 incl\u00f2s<\/strong>. Cal retornar el comprovant d\u2019ingr\u00e9s a la\/el tutora\/r no m\u00e9s tard del dimarts 12 de mar\u00e7.<\/p>\n<p>&nbsp;<\/p>\n<p><em><strong>Atenci\u00f3 important:<\/strong> En el cas que una fam\u00edlia decideixi que el seu fill\/a no vagi de col\u00f2nies no es retorna la bestreta del primer pagament.\u00a0<\/em><\/p>\n<p>Us podeu descarregar els codis de barres aqu\u00ed:\u00a0<a href=\"https:\/\/drive.google.com\/file\/d\/1FE4KP03tLX6bE0Pil2Ax4Mzh7ie4qqZ_\/view?usp=drive_link\">Comunitat de petits <\/a><\/p>\n","protected":false},"excerpt":{"rendered":"<p>&nbsp;<br \/>\n<a href=\"https:\/\/agora.xtec.cat\/escolalavilapalamos\/wp-content\/uploads\/usu897\/2024\/02\/Locell-de-Corca.jpeg\"><\/a><br \/>\nEl 9 i 10 d&#8217;abril de 2024 la comunitat de petits va de col\u00f2nies a L\u2019ocell de Cor\u00e7\u00e0. El preu \u00e9s de 103 \u20ac. Aix\u00f2 inclou autocar, estada i tallers, i tamb\u00e9 la comissi\u00f3 de La Caixa. El mes de novembre es va fer&hellip;  <a href=\"https:\/\/agora.xtec.cat\/escolalavilapalamos\/general\/segon-pagament-de-les-colonies-comunitat-de-petits-2\/\" title=\"Read Segon pagament de les col\u00f2nies. Comunitat de petits\">Llegeix m\u00e9s\u00bb<\/a><\/p>\n","protected":false},"author":1,"featured_media":0,"comment_status":"open","ping_status":"closed","sticky":false,"template":"","format":"standard","meta":{"_bbp_topic_count":0,"_bbp_reply_count":0,"_bbp_total_topic_count":0,"_bbp_total_reply_count":0,"_bbp_voice_count":0,"_bbp_anonymous_reply_count":0,"_bbp_topic_count_hidden":0,"_bbp_reply_count_hidden":0,"_bbp_forum_subforum_count":0,"footnotes":""},"categories":[2,1,4],"tags":[],"class_list":["post-14307","post","type-post","status-publish","format-standard","hentry","category-infantil","category-general","category-portada"],"post_mailing_queue_ids":[],"_links":{"self":[{"href":"https:\/\/agora.xtec.cat\/escolalavilapalamos\/wp-json\/wp\/v2\/posts\/14307","targetHints":{"allow":["GET"]}}],"collection":[{"href":"https:\/\/agora.xtec.cat\/escolalavilapalamos\/wp-json\/wp\/v2\/posts"}],"about":[{"href":"https:\/\/agora.xtec.cat\/escolalavilapalamos\/wp-json\/wp\/v2\/types\/post"}],"author":[{"embeddable":true,"href":"https:\/\/agora.xtec.cat\/escolalavilapalamos\/wp-json\/wp\/v2\/users\/1"}],"replies":[{"embeddable":true,"href":"https:\/\/agora.xtec.cat\/escolalavilapalamos\/wp-json\/wp\/v2\/comments?post=14307"}],"version-history":[{"count":5,"href":"https:\/\/agora.xtec.cat\/escolalavilapalamos\/wp-json\/wp\/v2\/posts\/14307\/revisions"}],"predecessor-version":[{"id":14320,"href":"https:\/\/agora.xtec.cat\/escolalavilapalamos\/wp-json\/wp\/v2\/posts\/14307\/revisions\/14320"}],"wp:attachment":[{"href":"https:\/\/agora.xtec.cat\/escolalavilapalamos\/wp-json\/wp\/v2\/media?parent=14307"}],"wp:term":[{"taxonomy":"category","embeddable":true,"href":"https:\/\/agora.xtec.cat\/escolalavilapalamos\/wp-json\/wp\/v2\/categories?post=14307"},{"taxonomy":"post_tag","embeddable":true,"href":"https:\/\/agora.xtec.cat\/escolalavilapalamos\/wp-json\/wp\/v2\/tags?post=14307"}],"curies":[{"name":"wp","href":"https:\/\/api.w.org\/{rel}","templated":true}]}}