{"id":14304,"date":"2024-02-27T12:15:37","date_gmt":"2024-02-27T11:15:37","guid":{"rendered":"https:\/\/agora.xtec.cat\/escolalavilapalamos\/?p=14304"},"modified":"2024-02-27T12:15:37","modified_gmt":"2024-02-27T11:15:37","slug":"coneixeu-arasaac","status":"publish","type":"post","link":"https:\/\/agora.xtec.cat\/escolalavilapalamos\/general\/coneixeu-arasaac\/","title":{"rendered":"Coneixeu ARASAAC ?"},"content":{"rendered":"<p><span style=\"font-weight: 400;\">Avui parlem de sistemes augmentatius i alternatius de comunicaci\u00f3 (SAAC)<\/span><\/p>\n<p><span style=\"font-weight: 400;\">Els SAAC s\u00f3n sistemes diferents del llenguatge oral que permeten a una persona comunicar-se. L\u2019objectiu principal \u00e9s augmentar i\/o compensar les dificultats de comunicaci\u00f3 i llenguatge.<\/span><\/p>\n<p><span style=\"font-weight: 400;\">L\u2019ARASAAC \u00e9s un sistema augmentatiu i Alternatiu de Comunicaci\u00f3 (SAAC) basat en l\u2019\u00fas de pictogrames que faciliten la comunicaci\u00f3 a les persones que tenen dificultats en aquest \u00e0mbit per diferents factors (diversitat funcional, desconeixement de l\u2019idioma, traumatismes i degeneraci\u00f3 cognitiva). Aquest cat\u00e0leg de pictogrames, adaptats a diferents nivells d\u2019adquisici\u00f3 del llenguatge, \u00e9s propietat del Govern d\u2019Arag\u00f3. Hi podem trobar: materials adaptats, banc d\u2019imatges, recursos en l\u00ednia, eines digitals, App\u2026 Ens ajudaran a complementar el llenguatge parlat, refor\u00e7ar visualment la informaci\u00f3, permetre anticipar, seq\u00fcenciar, regular conductes, afavorir la vocalitzaci\u00f3, ampliaci\u00f3 de l\u00e8xic, estructures gramaticals i iniciar-se en la lectoescriptura.<\/span><\/p>\n<p><span style=\"font-weight: 400;\">En aquest portal es poden descarregar pictogrames de manera gratu\u00efta.\u00a0<\/span><\/p>\n<p><span style=\"font-weight: 400;\">Aqu\u00ed us deixem l\u2019enlla\u00e7: <\/span><a href=\"https:\/\/arasaac.org\/\"><b>ARASAAC<\/b><\/a><\/p>\n<p><a href=\"https:\/\/agora.xtec.cat\/escolalavilapalamos\/wp-content\/uploads\/usu897\/2024\/02\/images.png\"><img loading=\"lazy\" decoding=\"async\" class=\"size-full wp-image-14308 aligncenter\" src=\"https:\/\/agora.xtec.cat\/escolalavilapalamos\/wp-content\/uploads\/usu897\/2024\/02\/images.png\" alt=\"\" width=\"225\" height=\"225\" srcset=\"https:\/\/agora.xtec.cat\/escolalavilapalamos\/wp-content\/uploads\/usu897\/2024\/02\/images.png 225w, https:\/\/agora.xtec.cat\/escolalavilapalamos\/wp-content\/uploads\/usu897\/2024\/02\/images-150x150.png 150w\" sizes=\"auto, (max-width: 225px) 100vw, 225px\" \/><\/a><\/p>\n","protected":false},"excerpt":{"rendered":"<p>Avui parlem de sistemes augmentatius i alternatius de comunicaci\u00f3 (SAAC)<br \/>\nEls SAAC s\u00f3n sistemes diferents del llenguatge oral que permeten a una persona comunicar-se. L\u2019objectiu principal \u00e9s augmentar i\/o compensar les dificultats de comunicaci\u00f3 i llenguatge.<br \/>\nL\u2019ARASAAC \u00e9s un sistema augmentatiu i Alternatiu de Comunicaci\u00f3 (SAAC) basat&hellip;  <a href=\"https:\/\/agora.xtec.cat\/escolalavilapalamos\/general\/coneixeu-arasaac\/\" title=\"Read Coneixeu ARASAAC ?\">Llegeix m\u00e9s\u00bb<\/a><\/p>\n","protected":false},"author":128,"featured_media":14305,"comment_status":"open","ping_status":"closed","sticky":false,"template":"","format":"standard","meta":{"_bbp_topic_count":0,"_bbp_reply_count":0,"_bbp_total_topic_count":0,"_bbp_total_reply_count":0,"_bbp_voice_count":0,"_bbp_anonymous_reply_count":0,"_bbp_topic_count_hidden":0,"_bbp_reply_count_hidden":0,"_bbp_forum_subforum_count":0,"footnotes":""},"categories":[128,127,2,1,4],"tags":[],"class_list":["post-14304","post","type-post","status-publish","format-standard","has-post-thumbnail","hentry","category-comunitat-de-grans","category-comunitat-de-mitjans","category-infantil","category-general","category-portada"],"post_mailing_queue_ids":[],"_links":{"self":[{"href":"https:\/\/agora.xtec.cat\/escolalavilapalamos\/wp-json\/wp\/v2\/posts\/14304","targetHints":{"allow":["GET"]}}],"collection":[{"href":"https:\/\/agora.xtec.cat\/escolalavilapalamos\/wp-json\/wp\/v2\/posts"}],"about":[{"href":"https:\/\/agora.xtec.cat\/escolalavilapalamos\/wp-json\/wp\/v2\/types\/post"}],"author":[{"embeddable":true,"href":"https:\/\/agora.xtec.cat\/escolalavilapalamos\/wp-json\/wp\/v2\/users\/128"}],"replies":[{"embeddable":true,"href":"https:\/\/agora.xtec.cat\/escolalavilapalamos\/wp-json\/wp\/v2\/comments?post=14304"}],"version-history":[{"count":2,"href":"https:\/\/agora.xtec.cat\/escolalavilapalamos\/wp-json\/wp\/v2\/posts\/14304\/revisions"}],"predecessor-version":[{"id":14309,"href":"https:\/\/agora.xtec.cat\/escolalavilapalamos\/wp-json\/wp\/v2\/posts\/14304\/revisions\/14309"}],"wp:featuredmedia":[{"embeddable":true,"href":"https:\/\/agora.xtec.cat\/escolalavilapalamos\/wp-json\/wp\/v2\/media\/14305"}],"wp:attachment":[{"href":"https:\/\/agora.xtec.cat\/escolalavilapalamos\/wp-json\/wp\/v2\/media?parent=14304"}],"wp:term":[{"taxonomy":"category","embeddable":true,"href":"https:\/\/agora.xtec.cat\/escolalavilapalamos\/wp-json\/wp\/v2\/categories?post=14304"},{"taxonomy":"post_tag","embeddable":true,"href":"https:\/\/agora.xtec.cat\/escolalavilapalamos\/wp-json\/wp\/v2\/tags?post=14304"}],"curies":[{"name":"wp","href":"https:\/\/api.w.org\/{rel}","templated":true}]}}